{"id":12667,"date":"2019-07-28T16:13:03","date_gmt":"2019-07-28T14:13:03","guid":{"rendered":"http:\/\/lesmaconsdelacreuse.fr\/annuaire\/?p=12667"},"modified":"2020-09-30T09:07:06","modified_gmt":"2020-09-30T07:07:06","slug":"t_74","status":"publish","type":"post","link":"https:\/\/www.lesmaconsdelacreuse.fr\/annuaires\/lettre-t\/t_74\/","title":{"rendered":"TAUTY Fran\u00e7ois (1822-1876)"},"content":{"rendered":"<p class=\"last-updated\"><strong>Mis \u00e0 jour le :<\/strong> 30\/04\/2026<\/p><h2 style=\"text-align: center;\"><strong>Fran\u00e7ois TAUTY<\/strong><\/h2>\n<p style=\"text-align: center;\"><strong>Fran\u00e7ois Jean TAUTY <\/strong><strong>dit Leblanc<\/strong><\/p>\n<p style=\"text-align: center;\"><strong>1822 \u2013 1876<\/strong><\/p>\n<p style=\"text-align: center;\"><a href=\"https:\/\/www.lesmaconsdelacreuse.fr\/annuaires\/wp-content\/uploads\/2020\/07\/ne-sait-pas-signer.jpg\"><img loading=\"lazy\" decoding=\"async\" class=\"alignnone size-full wp-image-174596\" src=\"https:\/\/www.lesmaconsdelacreuse.fr\/annuaires\/wp-content\/uploads\/2020\/07\/ne-sait-pas-signer.jpg\" alt=\"\" width=\"156\" height=\"31\" srcset=\"https:\/\/www.lesmaconsdelacreuse.fr\/annuaires\/wp-content\/uploads\/2020\/07\/ne-sait-pas-signer.jpg 156w, https:\/\/www.lesmaconsdelacreuse.fr\/annuaires\/wp-content\/uploads\/2020\/07\/ne-sait-pas-signer-150x30.jpg 150w\" sizes=\"auto, (max-width: 156px) 100vw, 156px\" \/><\/a><\/p>\n<p>&nbsp;<\/p>\n<h4 style=\"text-align: center;\"><span style=\"color: #008000;\"><strong>ma\u00e7on <\/strong>et<strong> tailleur d\u2019habits<\/strong>; <strong>cultivateur<\/strong><\/span><\/h4>\n<p>&nbsp;<\/p>\n<p style=\"text-align: center;\">n\u00e9 \u00e0 Vincent (Roy\u00e8re)<\/p>\n<p style=\"text-align: center;\">le 24 d\u00e9cembre 1822<\/p>\n<p style=\"text-align: center;\">fils de<\/p>\n<p style=\"text-align: center;\">L\u00e9onard TAUTY \/ Fran\u00e7oise TAUTY<\/p>\n<p style=\"text-align: center;\">\u25ba <a href=\"https:\/\/www.lesmaconsdelacreuse.fr\/annuaires\/wp-content\/uploads\/2020\/08\/FERMIER-M\u00c9TAYER.png\" target=\"_blank\" rel=\"noopener noreferrer\"><span style=\"color: #000000;\">m\u00e9tayers<\/span><\/a><\/p>\n<p style=\"text-align: center;\"><span style=\"color: #ffffff;\">\u25d9<\/span><\/p>\n<p><strong>En 1843<\/strong><em>, Fran\u00e7ois est dispens\u00e9 de service militaire pour an\u00e9vrisme et faiblesse du bras gauche.<\/em><\/p>\n<p><em>Il \u00e9pouse Marguerite <\/em><strong>CHARPENTIER <\/strong><em>le 23 f\u00e9vrier <\/em><strong>1846<\/strong><em> au Monteil-au-Vicomte. Ils habitent Lamant, commune de Banize.<\/em><\/p>\n<p><em>Marguerite y d\u00e9c\u00e8de le 30 ao\u00fbt <\/em><strong>1861<\/strong><em>, \u00e2g\u00e9e de 38 ans environ.<\/em><\/p>\n<p><em>Fran\u00e7ois se remarie le 7 avril <\/em><strong>1862<\/strong><em> au Monteil-au-Vicomte avec Marie <\/em><strong>GUYOT<\/strong><em>, tisserande (contrat Descubes au Monteil).<\/em><\/p>\n<p><em>Il d\u00e9c\u00e8de \u00e0 Haute-Besse, commune du Monteil, le 8 f\u00e9vrier <\/em><strong>1876<\/strong><em>, \u00e2g\u00e9 de 53 ans.<\/em><\/p>\n<p>&nbsp;<\/p>\n","protected":false},"excerpt":{"rendered":"<p>Mis \u00e0 jour le : 30\/04\/2026Fran\u00e7ois TAUTY Fran\u00e7ois Jean TAUTY dit Leblanc 1822 \u2013 1876 &nbsp; ma\u00e7on et tailleur d\u2019habits; cultivateur &nbsp; n\u00e9 \u00e0 Vincent (Roy\u00e8re) le 24 d\u00e9cembre 1822 fils de L\u00e9onard TAUTY \/ Fran\u00e7oise TAUTY \u25ba m\u00e9tayers \u25d9 En 1843, Fran\u00e7ois est dispens\u00e9 de service militaire pour an\u00e9vrisme et faiblesse du bras gauche. ..<\/p>\n<div class=\"clear-fix\"><\/div>\n<p><a href=\"https:\/\/www.lesmaconsdelacreuse.fr\/annuaires\/lettre-t\/t_74\/\" title=\"Lire la suite...\">Lire la suite<\/a><\/p>\n","protected":false},"author":2,"featured_media":0,"comment_status":"closed","ping_status":"closed","sticky":false,"template":"","format":"standard","meta":{"_acf_changed":false,"_exactmetrics_skip_tracking":false,"_exactmetrics_sitenote_active":false,"_exactmetrics_sitenote_note":"","_exactmetrics_sitenote_category":0,"footnotes":""},"categories":[13],"tags":[],"class_list":["post-12667","post","type-post","status-publish","format-standard","hentry","category-lettre-t"],"acf":[],"_links":{"self":[{"href":"https:\/\/www.lesmaconsdelacreuse.fr\/annuaires\/wp-json\/wp\/v2\/posts\/12667","targetHints":{"allow":["GET"]}}],"collection":[{"href":"https:\/\/www.lesmaconsdelacreuse.fr\/annuaires\/wp-json\/wp\/v2\/posts"}],"about":[{"href":"https:\/\/www.lesmaconsdelacreuse.fr\/annuaires\/wp-json\/wp\/v2\/types\/post"}],"author":[{"embeddable":true,"href":"https:\/\/www.lesmaconsdelacreuse.fr\/annuaires\/wp-json\/wp\/v2\/users\/2"}],"replies":[{"embeddable":true,"href":"https:\/\/www.lesmaconsdelacreuse.fr\/annuaires\/wp-json\/wp\/v2\/comments?post=12667"}],"version-history":[{"count":0,"href":"https:\/\/www.lesmaconsdelacreuse.fr\/annuaires\/wp-json\/wp\/v2\/posts\/12667\/revisions"}],"wp:attachment":[{"href":"https:\/\/www.lesmaconsdelacreuse.fr\/annuaires\/wp-json\/wp\/v2\/media?parent=12667"}],"wp:term":[{"taxonomy":"category","embeddable":true,"href":"https:\/\/www.lesmaconsdelacreuse.fr\/annuaires\/wp-json\/wp\/v2\/categories?post=12667"},{"taxonomy":"post_tag","embeddable":true,"href":"https:\/\/www.lesmaconsdelacreuse.fr\/annuaires\/wp-json\/wp\/v2\/tags?post=12667"}],"curies":[{"name":"wp","href":"https:\/\/api.w.org\/{rel}","templated":true}]}}