{"id":12674,"date":"2019-07-28T16:13:03","date_gmt":"2019-07-28T14:13:03","guid":{"rendered":"http:\/\/lesmaconsdelacreuse.fr\/annuaire\/?p=12674"},"modified":"2020-01-20T11:24:10","modified_gmt":"2020-01-20T10:24:10","slug":"t_28","status":"publish","type":"post","link":"https:\/\/www.lesmaconsdelacreuse.fr\/annuaires\/lettre-t\/t_28\/","title":{"rendered":"TARNAT Michel (1835-1873)"},"content":{"rendered":"<p class=\"last-updated\"><strong>Mis \u00e0 jour le :<\/strong> 30\/04\/2026<\/p><h2 style=\"text-align: center;\"><strong>Michel TARNAT<\/strong><\/h2>\n<p style=\"text-align: center;\"><strong>1835 \u2013 1873<\/strong><\/p>\n<p style=\"text-align: center;\"><img decoding=\"async\" title=\"\" src=\"https:\/\/lesmaconsdelacreuse.fr\/annuaire\/wp-content\/uploads\/2019\/07\/image1-3068.jpg\" alt=\"\" data-asset-id=\"12673\" data-source-id=\"i.0\" \/><\/p>\n<h4 style=\"text-align: center;\"><span style=\"color: #008000;\"><strong>ma\u00e7on<\/strong>; <strong>facteur rural<\/strong>,<strong> huissier<\/strong><\/span><\/h4>\n<p style=\"text-align: center;\">n\u00e9 au bourg de Roy\u00e8re<\/p>\n<p style=\"text-align: center;\">le 20 ao\u00fbt 1835<\/p>\n<p style=\"text-align: center;\">fils de<\/p>\n<p style=\"text-align: center;\">Fran\u00e7ois TARNAT,<span style=\"color: #008000;\"><strong> ma\u00e7on<\/strong><\/span><\/p>\n<p style=\"text-align: center;\">L\u00e9onarde TIXIER, factrice de la poste<\/p>\n<p style=\"text-align: center;\">propri\u00e9taires cultivateurs<\/p>\n<p style=\"text-align: center;\"><span style=\"color: #ffffff;\">\u25d9<\/span><\/p>\n<p><strong>En 1864<\/strong><em>, Michel est <\/em><span style=\"color: #008000;\"><strong>facteur rural<\/strong><\/span><em> au bourg de Gentioux.<\/em><\/p>\n<p><em>Le 28 juin de la m\u00eame ann\u00e9e, il \u00e9pouse Henriette <\/em><strong>LECOUR<\/strong><em>\u00a0 \u00e0 Clairavaux.<\/em><\/p>\n<p><em>Henriette d\u00e9c\u00e8de \u00e0 Gentioux le 16 avril <\/em><strong>1865<\/strong><em>, \u00e2g\u00e9e de 23 ans environ. <\/em><\/p>\n<p><strong>En 1865<\/strong>, <em>Michel est <\/em><span style=\"color: #008000;\"><strong>ma\u00e7on<\/strong><\/span><em> \u00e0 Roy\u00e8re\u00a0;<\/em><\/p>\n<p><em>Michel se remarie le 15 f\u00e9vrier <\/em><strong>1868<\/strong><em> \u00e0 Roy\u00e8re avec Marie <\/em><strong>COUTISSON<\/strong><em> (contrat Toumieux). Ils habitent Roy\u00e8re.<\/em><\/p>\n<p><strong>En 1871<\/strong><em>, Michel est <\/em><span style=\"color: #008000;\"><strong>huissier<\/strong><\/span><em>.<\/em><\/p>\n<p><em>Les \u00e9poux d\u00e9c\u00e8dent \u00e0 Roy\u00e8re\u00a0:<\/em><\/p>\n<ul>\n<li><em>Marie, le 6 avril <\/em><strong>1872<\/strong>,<em> \u00e2g\u00e9e de 32 ans<\/em><\/li>\n<li><em>Michel, le 29 septembre <\/em><strong>1873<\/strong><em>, \u00e2g\u00e9 de 38 ans<\/em><\/li>\n<\/ul>\n","protected":false},"excerpt":{"rendered":"<p>Mis \u00e0 jour le : 30\/04\/2026Michel TARNAT 1835 \u2013 1873 ma\u00e7on; facteur rural, huissier n\u00e9 au bourg de Roy\u00e8re le 20 ao\u00fbt 1835 fils de Fran\u00e7ois TARNAT, ma\u00e7on L\u00e9onarde TIXIER, factrice de la poste propri\u00e9taires cultivateurs \u25d9 En 1864, Michel est facteur rural au bourg de Gentioux. Le 28 juin de la m\u00eame ann\u00e9e, il ..<\/p>\n<div class=\"clear-fix\"><\/div>\n<p><a href=\"https:\/\/www.lesmaconsdelacreuse.fr\/annuaires\/lettre-t\/t_28\/\" title=\"Lire la suite...\">Lire la suite<\/a><\/p>\n","protected":false},"author":2,"featured_media":0,"comment_status":"closed","ping_status":"closed","sticky":false,"template":"","format":"standard","meta":{"_acf_changed":false,"_exactmetrics_skip_tracking":false,"_exactmetrics_sitenote_active":false,"_exactmetrics_sitenote_note":"","_exactmetrics_sitenote_category":0,"footnotes":""},"categories":[13],"tags":[],"class_list":["post-12674","post","type-post","status-publish","format-standard","hentry","category-lettre-t"],"acf":[],"_links":{"self":[{"href":"https:\/\/www.lesmaconsdelacreuse.fr\/annuaires\/wp-json\/wp\/v2\/posts\/12674","targetHints":{"allow":["GET"]}}],"collection":[{"href":"https:\/\/www.lesmaconsdelacreuse.fr\/annuaires\/wp-json\/wp\/v2\/posts"}],"about":[{"href":"https:\/\/www.lesmaconsdelacreuse.fr\/annuaires\/wp-json\/wp\/v2\/types\/post"}],"author":[{"embeddable":true,"href":"https:\/\/www.lesmaconsdelacreuse.fr\/annuaires\/wp-json\/wp\/v2\/users\/2"}],"replies":[{"embeddable":true,"href":"https:\/\/www.lesmaconsdelacreuse.fr\/annuaires\/wp-json\/wp\/v2\/comments?post=12674"}],"version-history":[{"count":0,"href":"https:\/\/www.lesmaconsdelacreuse.fr\/annuaires\/wp-json\/wp\/v2\/posts\/12674\/revisions"}],"wp:attachment":[{"href":"https:\/\/www.lesmaconsdelacreuse.fr\/annuaires\/wp-json\/wp\/v2\/media?parent=12674"}],"wp:term":[{"taxonomy":"category","embeddable":true,"href":"https:\/\/www.lesmaconsdelacreuse.fr\/annuaires\/wp-json\/wp\/v2\/categories?post=12674"},{"taxonomy":"post_tag","embeddable":true,"href":"https:\/\/www.lesmaconsdelacreuse.fr\/annuaires\/wp-json\/wp\/v2\/tags?post=12674"}],"curies":[{"name":"wp","href":"https:\/\/api.w.org\/{rel}","templated":true}]}}