{"id":12677,"date":"2019-07-28T16:13:02","date_gmt":"2019-07-28T14:13:02","guid":{"rendered":"http:\/\/lesmaconsdelacreuse.fr\/annuaire\/?p=12677"},"modified":"2020-10-05T09:09:01","modified_gmt":"2020-10-05T07:09:01","slug":"t_32","status":"publish","type":"post","link":"https:\/\/www.lesmaconsdelacreuse.fr\/annuaires\/lettre-t\/t_32\/","title":{"rendered":"TARNAUD Pierre (1928-2013)"},"content":{"rendered":"<p class=\"last-updated\"><strong>Mis \u00e0 jour le :<\/strong> 30\/04\/2026<\/p><h2 style=\"text-align: center;\"><strong>Pierre TARNAUD<\/strong><\/h2>\n<p style=\"text-align: center;\"><strong>1928 \u2013 2013<\/strong><\/p>\n<h4 style=\"text-align: center;\"><span style=\"color: #008000;\"><strong><a href=\"https:\/\/www.lesmaconsdelacreuse.fr\/annuaires\/wp-content\/uploads\/2020\/07\/TAILLEUR-DE-PIERRE.png\">\u25ba <span style=\"color: #008000;\">tailleur de pierre<\/span><\/a> <\/strong>et <\/span><a href=\"https:\/\/www.lesmaconsdelacreuse.fr\/annuaires\/wp-content\/uploads\/2020\/08\/CARRIER.png\"><strong><span style=\"color: #008000;\"><em>\u25ba<\/em> carrier<\/span><\/strong><\/a><\/h4>\n<h4 style=\"text-align: center;\"><span style=\"color: #008000;\"><strong>\u00a0<\/strong><\/span><\/h4>\n<p style=\"text-align: center;\">n\u00e9 au Massoubrot (Saint-Martin-Ch\u00e2teau)<\/p>\n<p style=\"text-align: center;\">le 22 juin 1928<\/p>\n<p style=\"text-align: center;\">fils de<\/p>\n<p style=\"text-align: center;\">Fran\u00e7ois TARNAUD, <span style=\"color: #008000;\"><strong>carrier<\/strong><\/span><\/p>\n<p style=\"text-align: center;\">Germaine BORDERIE, cultivatrice<\/p>\n<p style=\"text-align: center;\"><span style=\"color: #ffffff;\">\u25d9<\/span><\/p>\n<p><em>Apr\u00e8s avoir travaill\u00e9 toute sa vie au Picq, commune de Roy\u00e8re, d\u2019abord avec son p\u00e8re, ensuite \u00e0 son compte, \u25ba<a href=\"https:\/\/www.lesmaconsdelacreuse.fr\/annuaires\/\/wp-content\/uploads\/PHOTOS_-_CARTES_POSTALES\/TARNAUD_Francois_et_son_fils_Pierre_en_1957__.jpg\" target=\"_blank\" rel=\"noopener noreferrer\">Pierre<\/a> d\u00e9c\u00e8de <\/em><strong>c\u00e9libataire<\/strong><em> \u00e0 Gu\u00e9ret le 7 f\u00e9vrier <\/em><strong>2013<\/strong><em>, \u00e2g\u00e9 de 84 ans.<\/em><\/p>\n","protected":false},"excerpt":{"rendered":"<p>Mis \u00e0 jour le : 30\/04\/2026Pierre TARNAUD 1928 \u2013 2013 \u25ba tailleur de pierre et \u25ba carrier \u00a0 n\u00e9 au Massoubrot (Saint-Martin-Ch\u00e2teau) le 22 juin 1928 fils de Fran\u00e7ois TARNAUD, carrier Germaine BORDERIE, cultivatrice \u25d9 Apr\u00e8s avoir travaill\u00e9 toute sa vie au Picq, commune de Roy\u00e8re, d\u2019abord avec son p\u00e8re, ensuite \u00e0 son compte, \u25baPierre ..<\/p>\n<div class=\"clear-fix\"><\/div>\n<p><a href=\"https:\/\/www.lesmaconsdelacreuse.fr\/annuaires\/lettre-t\/t_32\/\" title=\"Lire la suite...\">Lire la suite<\/a><\/p>\n","protected":false},"author":2,"featured_media":0,"comment_status":"closed","ping_status":"closed","sticky":false,"template":"","format":"standard","meta":{"_acf_changed":false,"_exactmetrics_skip_tracking":false,"_exactmetrics_sitenote_active":false,"_exactmetrics_sitenote_note":"","_exactmetrics_sitenote_category":0,"footnotes":""},"categories":[13],"tags":[],"class_list":["post-12677","post","type-post","status-publish","format-standard","hentry","category-lettre-t"],"acf":[],"_links":{"self":[{"href":"https:\/\/www.lesmaconsdelacreuse.fr\/annuaires\/wp-json\/wp\/v2\/posts\/12677","targetHints":{"allow":["GET"]}}],"collection":[{"href":"https:\/\/www.lesmaconsdelacreuse.fr\/annuaires\/wp-json\/wp\/v2\/posts"}],"about":[{"href":"https:\/\/www.lesmaconsdelacreuse.fr\/annuaires\/wp-json\/wp\/v2\/types\/post"}],"author":[{"embeddable":true,"href":"https:\/\/www.lesmaconsdelacreuse.fr\/annuaires\/wp-json\/wp\/v2\/users\/2"}],"replies":[{"embeddable":true,"href":"https:\/\/www.lesmaconsdelacreuse.fr\/annuaires\/wp-json\/wp\/v2\/comments?post=12677"}],"version-history":[{"count":0,"href":"https:\/\/www.lesmaconsdelacreuse.fr\/annuaires\/wp-json\/wp\/v2\/posts\/12677\/revisions"}],"wp:attachment":[{"href":"https:\/\/www.lesmaconsdelacreuse.fr\/annuaires\/wp-json\/wp\/v2\/media?parent=12677"}],"wp:term":[{"taxonomy":"category","embeddable":true,"href":"https:\/\/www.lesmaconsdelacreuse.fr\/annuaires\/wp-json\/wp\/v2\/categories?post=12677"},{"taxonomy":"post_tag","embeddable":true,"href":"https:\/\/www.lesmaconsdelacreuse.fr\/annuaires\/wp-json\/wp\/v2\/tags?post=12677"}],"curies":[{"name":"wp","href":"https:\/\/api.w.org\/{rel}","templated":true}]}}