{"id":12678,"date":"2019-07-28T16:13:02","date_gmt":"2019-07-28T14:13:02","guid":{"rendered":"http:\/\/lesmaconsdelacreuse.fr\/annuaire\/?p=12678"},"modified":"2020-10-04T09:43:58","modified_gmt":"2020-10-04T07:43:58","slug":"t_26","status":"publish","type":"post","link":"https:\/\/www.lesmaconsdelacreuse.fr\/annuaires\/lettre-t\/t_26\/","title":{"rendered":"TARNAT L\u00e9onard (1857-1938)"},"content":{"rendered":"<p class=\"last-updated\"><strong>Mis \u00e0 jour le :<\/strong> 30\/04\/2026<\/p><h2 style=\"text-align: center;\"><strong>L\u00e9onard TARNAT<\/strong><\/h2>\n<p style=\"text-align: center;\"><strong>1857 \u2013 1938<\/strong><\/p>\n<p style=\"text-align: center;\"><img decoding=\"async\" title=\"\" src=\"https:\/\/lesmaconsdelacreuse.fr\/annuaire\/wp-content\/uploads\/2019\/07\/image1-3069.jpg\" alt=\"\" data-asset-id=\"12675\" data-source-id=\"i.0\" \/><\/p>\n<h4 style=\"text-align: center;\"><span style=\"color: #008000;\"><strong>ma\u00e7on<\/strong> et <strong><em>\u25ba<a href=\"https:\/\/www.lesmaconsdelacreuse.fr\/annuaires\/wp-content\/uploads\/2020\/07\/FUMISTE.png\" target=\"_blank\" rel=\"noopener noreferrer\"><span style=\"color: #008000;\">fumiste<\/span><\/a><\/em><\/strong>;\u00a0<strong>propri\u00e9taire cultivateur<\/strong><\/span><\/h4>\n<p>&nbsp;<\/p>\n<p style=\"text-align: center;\">n\u00e9 \u00e0 Orladeix (Roy\u00e8re)<\/p>\n<p style=\"text-align: center;\">le 13 septembre 1857<\/p>\n<p style=\"text-align: center;\">fils de<\/p>\n<p style=\"text-align: center;\">Fran\u00e7ois TARNAT,<span style=\"color: #008000;\"><strong> ma\u00e7on <span style=\"color: #008000;\">\/ <\/span><\/strong><\/span>Jeanne LEPAYSAN<\/p>\n<p style=\"text-align: center;\">propri\u00e9taires cultivateurs<\/p>\n<p style=\"text-align: center;\"><span style=\"color: #ffffff;\">\u25d9<\/span><\/p>\n<p><strong>En 1878<\/strong><em>, L\u00e9onard travaille dans le <\/em><span style=\"color: #0000ff;\"><strong>Rh\u00f4ne <\/strong><\/span><em>et y passe le conseil de r\u00e9vision. Il est exempt\u00e9 de service militaire, ayant une fracture au pied droit.<\/em><\/p>\n<p><em> Il \u00e9pouse Marie Sidonie <\/em><strong>BOULANGER<\/strong><em> le 23 f\u00e9vrier <\/em><strong>1888<\/strong><em> \u00e0 Roy\u00e8re (contrat Toumieux). Ils habitent Roudersas, puis Orladeix. <\/em><\/p>\n<p><strong>En 1911<\/strong><em>, L\u00e9onard travaille \u00e0 <\/em><strong><span style=\"color: #0000ff;\">Lyon (69<\/span>)<\/strong><em> et loge 261, rue Cr\u00e9qui.<\/em><\/p>\n<p><em>Les \u00e9poux<\/em> <em>d\u00e9c\u00e8dent \u00e0 Roudersas\u00a0:<\/em><\/p>\n<ul>\n<li><em>L\u00e9onard, le 26 ao\u00fbt <\/em><strong>1938<\/strong><em>, \u00e2g\u00e9 de 80 ans<\/em><\/li>\n<li><em>Sidonie, le 8 octobre <\/em><strong>1942<\/strong><em>, \u00e2g\u00e9e de 74 ans<\/em><\/li>\n<\/ul>\n<p><strong>\u00a0<\/strong><\/p>\n","protected":false},"excerpt":{"rendered":"<p>Mis \u00e0 jour le : 30\/04\/2026L\u00e9onard TARNAT 1857 \u2013 1938 ma\u00e7on et \u25bafumiste;\u00a0propri\u00e9taire cultivateur &nbsp; n\u00e9 \u00e0 Orladeix (Roy\u00e8re) le 13 septembre 1857 fils de Fran\u00e7ois TARNAT, ma\u00e7on \/ Jeanne LEPAYSAN propri\u00e9taires cultivateurs \u25d9 En 1878, L\u00e9onard travaille dans le Rh\u00f4ne et y passe le conseil de r\u00e9vision. Il est exempt\u00e9 de service militaire, ayant ..<\/p>\n<div class=\"clear-fix\"><\/div>\n<p><a href=\"https:\/\/www.lesmaconsdelacreuse.fr\/annuaires\/lettre-t\/t_26\/\" title=\"Lire la suite...\">Lire la suite<\/a><\/p>\n","protected":false},"author":2,"featured_media":0,"comment_status":"closed","ping_status":"closed","sticky":false,"template":"","format":"standard","meta":{"_acf_changed":false,"_exactmetrics_skip_tracking":false,"_exactmetrics_sitenote_active":false,"_exactmetrics_sitenote_note":"","_exactmetrics_sitenote_category":0,"footnotes":""},"categories":[13],"tags":[],"class_list":["post-12678","post","type-post","status-publish","format-standard","hentry","category-lettre-t"],"acf":[],"_links":{"self":[{"href":"https:\/\/www.lesmaconsdelacreuse.fr\/annuaires\/wp-json\/wp\/v2\/posts\/12678","targetHints":{"allow":["GET"]}}],"collection":[{"href":"https:\/\/www.lesmaconsdelacreuse.fr\/annuaires\/wp-json\/wp\/v2\/posts"}],"about":[{"href":"https:\/\/www.lesmaconsdelacreuse.fr\/annuaires\/wp-json\/wp\/v2\/types\/post"}],"author":[{"embeddable":true,"href":"https:\/\/www.lesmaconsdelacreuse.fr\/annuaires\/wp-json\/wp\/v2\/users\/2"}],"replies":[{"embeddable":true,"href":"https:\/\/www.lesmaconsdelacreuse.fr\/annuaires\/wp-json\/wp\/v2\/comments?post=12678"}],"version-history":[{"count":0,"href":"https:\/\/www.lesmaconsdelacreuse.fr\/annuaires\/wp-json\/wp\/v2\/posts\/12678\/revisions"}],"wp:attachment":[{"href":"https:\/\/www.lesmaconsdelacreuse.fr\/annuaires\/wp-json\/wp\/v2\/media?parent=12678"}],"wp:term":[{"taxonomy":"category","embeddable":true,"href":"https:\/\/www.lesmaconsdelacreuse.fr\/annuaires\/wp-json\/wp\/v2\/categories?post=12678"},{"taxonomy":"post_tag","embeddable":true,"href":"https:\/\/www.lesmaconsdelacreuse.fr\/annuaires\/wp-json\/wp\/v2\/tags?post=12678"}],"curies":[{"name":"wp","href":"https:\/\/api.w.org\/{rel}","templated":true}]}}