{"id":12680,"date":"2019-07-28T16:13:02","date_gmt":"2019-07-28T14:13:02","guid":{"rendered":"http:\/\/lesmaconsdelacreuse.fr\/annuaire\/?p=12680"},"modified":"2021-12-10T20:29:44","modified_gmt":"2021-12-10T19:29:44","slug":"t_50","status":"publish","type":"post","link":"https:\/\/www.lesmaconsdelacreuse.fr\/annuaires\/lettre-t\/t_50\/","title":{"rendered":"TARAVAUD Joseph \u00c9mile (1862-1939)"},"content":{"rendered":"<p class=\"last-updated\"><strong>Mis \u00e0 jour le :<\/strong> 30\/04\/2026<\/p><h2 style=\"text-align: center;\"><strong>J<\/strong><strong>oseph \u00c9mile TARAVAUD<\/strong><\/h2>\n<p style=\"text-align: center;\"><strong>\u00c9mile TARAVAUD<\/strong><\/p>\n<p style=\"text-align: center;\"><strong>1862 \u2013 1939<\/strong><\/p>\n<p style=\"text-align: center;\"><img decoding=\"async\" title=\"\" src=\"https:\/\/lesmaconsdelacreuse.fr\/annuaire\/wp-content\/uploads\/2019\/07\/image1-3070.jpg\" alt=\"\" data-asset-id=\"12679\" data-source-id=\"i.0\" \/><\/p>\n<h4 style=\"text-align: center;\"><span style=\"color: #008000;\"><strong>ma\u00e7on <\/strong>et<strong> cultivateur <\/strong>puis <strong>facteur des postes<\/strong><\/span><\/h4>\n<p style=\"text-align: center;\">n\u00e9 \u00e0 Chaussidoux (Saint-Pardoux-le-Neuf)<\/p>\n<p style=\"text-align: center;\">le 8 juillet 1862<\/p>\n<p style=\"text-align: center;\">fils de<\/p>\n<p style=\"text-align: center;\">Gabriel TARAVAUD \/ Jeanne MOURGAUD<\/p>\n<p style=\"text-align: center;\">cultivateurs<\/p>\n<p style=\"text-align: center;\"><span style=\"color: #ffffff;\">\u25d9<\/span><\/p>\n<p><em>\u00c9mile, <\/em><span style=\"color: #008000;\"><strong>ma\u00e7on,<\/strong><\/span><em> \u00e9pouse Anne Adrienne <\/em><strong>TARNAT<\/strong><em> le 5 avril <\/em><strong>1886<\/strong> <em>au Monteil-au-Vicomte (contrat Toumieux \u00e0 Roy\u00e8re).<\/em><\/p>\n<p><em> Ils habitent le bourg du Monteil.<\/em><\/p>\n<p><strong>En 1937<\/strong>, <em>\u00c9mile est facteur des Postes.<\/em><\/p>\n<p><em> Ils y d\u00e9c\u00e8dent\u00a0:<\/em><\/p>\n<ul>\n<li><em>Joseph, le 27 septembre <\/em><strong>1939<\/strong><em>, \u00e2g\u00e9 de 77 ans<\/em><\/li>\n<li><em>Anne, le 7 mars <\/em><strong>1942<\/strong><em>, \u00e2g\u00e9e de 75 ans<\/em><\/li>\n<\/ul>\n","protected":false},"excerpt":{"rendered":"<p>Mis \u00e0 jour le : 30\/04\/2026Joseph \u00c9mile TARAVAUD \u00c9mile TARAVAUD 1862 \u2013 1939 ma\u00e7on et cultivateur puis facteur des postes n\u00e9 \u00e0 Chaussidoux (Saint-Pardoux-le-Neuf) le 8 juillet 1862 fils de Gabriel TARAVAUD \/ Jeanne MOURGAUD cultivateurs \u25d9 \u00c9mile, ma\u00e7on, \u00e9pouse Anne Adrienne TARNAT le 5 avril 1886 au Monteil-au-Vicomte (contrat Toumieux \u00e0 Roy\u00e8re). Ils habitent ..<\/p>\n<div class=\"clear-fix\"><\/div>\n<p><a href=\"https:\/\/www.lesmaconsdelacreuse.fr\/annuaires\/lettre-t\/t_50\/\" title=\"Lire la suite...\">Lire la suite<\/a><\/p>\n","protected":false},"author":2,"featured_media":0,"comment_status":"closed","ping_status":"closed","sticky":false,"template":"","format":"standard","meta":{"_acf_changed":false,"_exactmetrics_skip_tracking":false,"_exactmetrics_sitenote_active":false,"_exactmetrics_sitenote_note":"","_exactmetrics_sitenote_category":0,"footnotes":""},"categories":[13],"tags":[],"class_list":["post-12680","post","type-post","status-publish","format-standard","hentry","category-lettre-t"],"acf":[],"_links":{"self":[{"href":"https:\/\/www.lesmaconsdelacreuse.fr\/annuaires\/wp-json\/wp\/v2\/posts\/12680","targetHints":{"allow":["GET"]}}],"collection":[{"href":"https:\/\/www.lesmaconsdelacreuse.fr\/annuaires\/wp-json\/wp\/v2\/posts"}],"about":[{"href":"https:\/\/www.lesmaconsdelacreuse.fr\/annuaires\/wp-json\/wp\/v2\/types\/post"}],"author":[{"embeddable":true,"href":"https:\/\/www.lesmaconsdelacreuse.fr\/annuaires\/wp-json\/wp\/v2\/users\/2"}],"replies":[{"embeddable":true,"href":"https:\/\/www.lesmaconsdelacreuse.fr\/annuaires\/wp-json\/wp\/v2\/comments?post=12680"}],"version-history":[{"count":2,"href":"https:\/\/www.lesmaconsdelacreuse.fr\/annuaires\/wp-json\/wp\/v2\/posts\/12680\/revisions"}],"predecessor-version":[{"id":193043,"href":"https:\/\/www.lesmaconsdelacreuse.fr\/annuaires\/wp-json\/wp\/v2\/posts\/12680\/revisions\/193043"}],"wp:attachment":[{"href":"https:\/\/www.lesmaconsdelacreuse.fr\/annuaires\/wp-json\/wp\/v2\/media?parent=12680"}],"wp:term":[{"taxonomy":"category","embeddable":true,"href":"https:\/\/www.lesmaconsdelacreuse.fr\/annuaires\/wp-json\/wp\/v2\/categories?post=12680"},{"taxonomy":"post_tag","embeddable":true,"href":"https:\/\/www.lesmaconsdelacreuse.fr\/annuaires\/wp-json\/wp\/v2\/tags?post=12680"}],"curies":[{"name":"wp","href":"https:\/\/api.w.org\/{rel}","templated":true}]}}