{"id":12683,"date":"2019-07-28T16:13:02","date_gmt":"2019-07-28T14:13:02","guid":{"rendered":"http:\/\/lesmaconsdelacreuse.fr\/annuaire\/?p=12683"},"modified":"2020-09-21T09:55:36","modified_gmt":"2020-09-21T07:55:36","slug":"t_34","status":"publish","type":"post","link":"https:\/\/www.lesmaconsdelacreuse.fr\/annuaires\/lettre-t\/t_34\/","title":{"rendered":"TARRADE Gabriel (1855-1922)"},"content":{"rendered":"<p class=\"last-updated\"><strong>Mis \u00e0 jour le :<\/strong> 30\/04\/2026<\/p><h2 style=\"text-align: center;\"><strong>Gabriel TARRADE<\/strong><\/h2>\n<p style=\"text-align: center;\"><strong>1855 \u2013 1922<\/strong><\/p>\n<p style=\"text-align: center;\"><img decoding=\"async\" title=\"\" src=\"https:\/\/lesmaconsdelacreuse.fr\/annuaire\/wp-content\/uploads\/2019\/07\/image1-3071.jpg\" alt=\"\" data-asset-id=\"12682\" data-source-id=\"i.0\" \/><\/p>\n<h4 style=\"text-align: center;\"><span style=\"color: #008000;\"><strong>ma\u00e7on <\/strong>et<strong> cultivateur<\/strong><\/span><\/h4>\n<p>&nbsp;<\/p>\n<p style=\"text-align: center;\">n\u00e9 \u00e0 La Faye (Bujaleuf &#8211; 87)<\/p>\n<p style=\"text-align: center;\">le 23 mars 1855<\/p>\n<p style=\"text-align: center;\">fils de<\/p>\n<p style=\"text-align: center;\">Louis TARRADE \/ Magdeleine RAMPIGNON<\/p>\n<p style=\"text-align: center;\">cultivateurs<\/p>\n<p style=\"text-align: center;\"><span style=\"color: #ffffff;\">\u25d9<\/span><\/p>\n<p><strong>En 1876<\/strong><em>, Gabriel habite Le Montingo\u00fbt, commune de Saint-Moreil. Lors du conseil de r\u00e9vision, il est ajourn\u00e9 \u00e0 l\u2019ann\u00e9e suivante pour faiblesse de constitution.<\/em><\/p>\n<p><em>Il \u00e9pouse Marie <\/em><strong>CHAMPEYMON <\/strong><em>le 2 d\u00e9cembre <\/em><strong>1880<\/strong><em> \u00e0 Saint-Julien-le-Petit (87 \u2013 mari\u00e9s sans contrat).<\/em><\/p>\n<p><em>Ils d\u00e9c\u00e8dent \u00e0 Lavaud, commune de Saint-Pardoux-Lavaud\u00a0:<\/em><\/p>\n<ul>\n<li><em>Gabriel, le 25 avril <\/em><strong>1922<\/strong><em>, \u00e2g\u00e9 de 67 ans, \u25ba<a href=\"https:\/\/www.lesmaconsdelacreuse.fr\/annuaires\/\/wp-content\/uploads\/LEXIQUE\/AB_INTESTAT.pdf\" target=\"_blank\" rel=\"noopener noreferrer\">ab intestat<\/a><br \/>\n<\/em><\/li>\n<li><em>Marie, le 1er septembre <\/em><strong>1937<\/strong><em>, \u00e2g\u00e9e de 79 ans<\/em><\/li>\n<\/ul>\n<p>&nbsp;<\/p>\n","protected":false},"excerpt":{"rendered":"<p>Mis \u00e0 jour le : 30\/04\/2026Gabriel TARRADE 1855 \u2013 1922 ma\u00e7on et cultivateur &nbsp; n\u00e9 \u00e0 La Faye (Bujaleuf &#8211; 87) le 23 mars 1855 fils de Louis TARRADE \/ Magdeleine RAMPIGNON cultivateurs \u25d9 En 1876, Gabriel habite Le Montingo\u00fbt, commune de Saint-Moreil. Lors du conseil de r\u00e9vision, il est ajourn\u00e9 \u00e0 l\u2019ann\u00e9e suivante pour ..<\/p>\n<div class=\"clear-fix\"><\/div>\n<p><a href=\"https:\/\/www.lesmaconsdelacreuse.fr\/annuaires\/lettre-t\/t_34\/\" title=\"Lire la suite...\">Lire la suite<\/a><\/p>\n","protected":false},"author":2,"featured_media":0,"comment_status":"closed","ping_status":"closed","sticky":false,"template":"","format":"standard","meta":{"_acf_changed":false,"_exactmetrics_skip_tracking":false,"_exactmetrics_sitenote_active":false,"_exactmetrics_sitenote_note":"","_exactmetrics_sitenote_category":0,"footnotes":""},"categories":[13],"tags":[],"class_list":["post-12683","post","type-post","status-publish","format-standard","hentry","category-lettre-t"],"acf":[],"_links":{"self":[{"href":"https:\/\/www.lesmaconsdelacreuse.fr\/annuaires\/wp-json\/wp\/v2\/posts\/12683","targetHints":{"allow":["GET"]}}],"collection":[{"href":"https:\/\/www.lesmaconsdelacreuse.fr\/annuaires\/wp-json\/wp\/v2\/posts"}],"about":[{"href":"https:\/\/www.lesmaconsdelacreuse.fr\/annuaires\/wp-json\/wp\/v2\/types\/post"}],"author":[{"embeddable":true,"href":"https:\/\/www.lesmaconsdelacreuse.fr\/annuaires\/wp-json\/wp\/v2\/users\/2"}],"replies":[{"embeddable":true,"href":"https:\/\/www.lesmaconsdelacreuse.fr\/annuaires\/wp-json\/wp\/v2\/comments?post=12683"}],"version-history":[{"count":0,"href":"https:\/\/www.lesmaconsdelacreuse.fr\/annuaires\/wp-json\/wp\/v2\/posts\/12683\/revisions"}],"wp:attachment":[{"href":"https:\/\/www.lesmaconsdelacreuse.fr\/annuaires\/wp-json\/wp\/v2\/media?parent=12683"}],"wp:term":[{"taxonomy":"category","embeddable":true,"href":"https:\/\/www.lesmaconsdelacreuse.fr\/annuaires\/wp-json\/wp\/v2\/categories?post=12683"},{"taxonomy":"post_tag","embeddable":true,"href":"https:\/\/www.lesmaconsdelacreuse.fr\/annuaires\/wp-json\/wp\/v2\/tags?post=12683"}],"curies":[{"name":"wp","href":"https:\/\/api.w.org\/{rel}","templated":true}]}}