{"id":12696,"date":"2019-07-28T16:13:01","date_gmt":"2019-07-28T14:13:01","guid":{"rendered":"http:\/\/lesmaconsdelacreuse.fr\/annuaire\/?p=12696"},"modified":"2020-01-20T11:24:13","modified_gmt":"2020-01-20T10:24:13","slug":"t_80","status":"publish","type":"post","link":"https:\/\/www.lesmaconsdelacreuse.fr\/annuaires\/lettre-t\/t_80\/","title":{"rendered":"TAUTY Jean (1775-1826)"},"content":{"rendered":"<p class=\"last-updated\"><strong>Mis \u00e0 jour le :<\/strong> 30\/04\/2026<\/p><h2 style=\"text-align: center;\"><strong>Jean TAUTY<\/strong><\/h2>\n<p style=\"text-align: center;\"><strong>1775 \u2013 1826<\/strong><\/p>\n<p style=\"text-align: center;\"><img decoding=\"async\" title=\"\" src=\"https:\/\/lesmaconsdelacreuse.fr\/annuaire\/wp-content\/uploads\/2019\/07\/image1-3077.jpg\" alt=\"\" data-asset-id=\"12695\" data-source-id=\"i.0\" \/><\/p>\n<h4 style=\"text-align: center;\"><span style=\"color: #008000;\"><strong>ma\u00e7on <\/strong>et<strong> cultivateur<\/strong><\/span><\/h4>\n<p style=\"text-align: center;\">n\u00e9 \u00e0 Vincent (Roy\u00e8re)<\/p>\n<p style=\"text-align: center;\">le 16 novembre 1775<\/p>\n<p style=\"text-align: center;\">fils de<\/p>\n<p style=\"text-align: center;\">L\u00e9onard TAUTY, <span style=\"color: #008000;\"><strong>ma\u00e7on <\/strong><\/span><strong>\/ <\/strong>Fran\u00e7oise CANCALON<\/p>\n<p style=\"text-align: center;\"><span style=\"color: #ffffff;\">\u25d9<\/span><\/p>\n<p><em>Jean \u00e9pouse L\u00e9onarde <\/em><strong>PORTIER<\/strong><em> le 25 pluvi\u00f4se an II (13 f\u00e9vrier <\/em><strong>1794<\/strong><em>) \u00e0 Roy\u00e8re (contrat Lepetit au Monteil-au-Vicomte).<\/em><\/p>\n<p><em>Ils habitent Vincent.<\/em><\/p>\n<p><em>Ils y d\u00e9c\u00e8dent\u00a0:<\/em><\/p>\n<ul>\n<li><em>Jean, le 2 juillet <\/em><strong>1826<\/strong><em>, \u00e2g\u00e9 de 50 ans<\/em><\/li>\n<li><em>L\u00e9onarde, le 8 novembre <\/em><strong>1837<\/strong><em>, \u00e2g\u00e9e de 60 ans<\/em><\/li>\n<\/ul>\n","protected":false},"excerpt":{"rendered":"<p>Mis \u00e0 jour le : 30\/04\/2026Jean TAUTY 1775 \u2013 1826 ma\u00e7on et cultivateur n\u00e9 \u00e0 Vincent (Roy\u00e8re) le 16 novembre 1775 fils de L\u00e9onard TAUTY, ma\u00e7on \/ Fran\u00e7oise CANCALON \u25d9 Jean \u00e9pouse L\u00e9onarde PORTIER le 25 pluvi\u00f4se an II (13 f\u00e9vrier 1794) \u00e0 Roy\u00e8re (contrat Lepetit au Monteil-au-Vicomte). Ils habitent Vincent. Ils y d\u00e9c\u00e8dent\u00a0: Jean, ..<\/p>\n<div class=\"clear-fix\"><\/div>\n<p><a href=\"https:\/\/www.lesmaconsdelacreuse.fr\/annuaires\/lettre-t\/t_80\/\" title=\"Lire la suite...\">Lire la suite<\/a><\/p>\n","protected":false},"author":2,"featured_media":0,"comment_status":"closed","ping_status":"closed","sticky":false,"template":"","format":"standard","meta":{"_acf_changed":false,"_exactmetrics_skip_tracking":false,"_exactmetrics_sitenote_active":false,"_exactmetrics_sitenote_note":"","_exactmetrics_sitenote_category":0,"footnotes":""},"categories":[13],"tags":[],"class_list":["post-12696","post","type-post","status-publish","format-standard","hentry","category-lettre-t"],"acf":[],"_links":{"self":[{"href":"https:\/\/www.lesmaconsdelacreuse.fr\/annuaires\/wp-json\/wp\/v2\/posts\/12696","targetHints":{"allow":["GET"]}}],"collection":[{"href":"https:\/\/www.lesmaconsdelacreuse.fr\/annuaires\/wp-json\/wp\/v2\/posts"}],"about":[{"href":"https:\/\/www.lesmaconsdelacreuse.fr\/annuaires\/wp-json\/wp\/v2\/types\/post"}],"author":[{"embeddable":true,"href":"https:\/\/www.lesmaconsdelacreuse.fr\/annuaires\/wp-json\/wp\/v2\/users\/2"}],"replies":[{"embeddable":true,"href":"https:\/\/www.lesmaconsdelacreuse.fr\/annuaires\/wp-json\/wp\/v2\/comments?post=12696"}],"version-history":[{"count":0,"href":"https:\/\/www.lesmaconsdelacreuse.fr\/annuaires\/wp-json\/wp\/v2\/posts\/12696\/revisions"}],"wp:attachment":[{"href":"https:\/\/www.lesmaconsdelacreuse.fr\/annuaires\/wp-json\/wp\/v2\/media?parent=12696"}],"wp:term":[{"taxonomy":"category","embeddable":true,"href":"https:\/\/www.lesmaconsdelacreuse.fr\/annuaires\/wp-json\/wp\/v2\/categories?post=12696"},{"taxonomy":"post_tag","embeddable":true,"href":"https:\/\/www.lesmaconsdelacreuse.fr\/annuaires\/wp-json\/wp\/v2\/tags?post=12696"}],"curies":[{"name":"wp","href":"https:\/\/api.w.org\/{rel}","templated":true}]}}