{"id":12700,"date":"2019-07-28T16:13:01","date_gmt":"2019-07-28T14:13:01","guid":{"rendered":"http:\/\/lesmaconsdelacreuse.fr\/annuaire\/?p=12700"},"modified":"2022-05-02T09:04:53","modified_gmt":"2022-05-02T07:04:53","slug":"t_58","status":"publish","type":"post","link":"https:\/\/www.lesmaconsdelacreuse.fr\/annuaires\/lettre-t\/t_58\/","title":{"rendered":"TAUPELET Jacques (1822-apr\u00e8s 1889)"},"content":{"rendered":"<p class=\"last-updated\"><strong>Mis \u00e0 jour le :<\/strong> 30\/04\/2026<\/p><h2 style=\"text-align: center;\"><strong>Jacques TAUPELET<\/strong><\/h2>\n<p style=\"text-align: center;\"><strong>1822 \u2013 apr\u00e8s 1889<\/strong><\/p>\n<p style=\"text-align: center;\"><img decoding=\"async\" title=\"\" src=\"https:\/\/lesmaconsdelacreuse.fr\/annuaire\/wp-content\/uploads\/2019\/07\/image1-3079.jpg\" alt=\"\" data-asset-id=\"12699\" data-source-id=\"i.0\" \/><\/p>\n<h4 style=\"text-align: center;\"><span style=\"color: #008000;\"><strong>ma\u00e7on <\/strong>et<strong> cultivateur<\/strong><\/span><\/h4>\n<p style=\"text-align: center;\">n\u00e9 \u00e0 L\u00e2ge (Saint-Martin-Ch\u00e2teau)<\/p>\n<p style=\"text-align: center;\">le 11 d\u00e9cembre 1822<\/p>\n<p style=\"text-align: center;\">fils de<\/p>\n<p style=\"text-align: center;\">Jacques TAUPELET \/ Marie COULAUD<\/p>\n<p style=\"text-align: center;\">laboureurs<\/p>\n<p style=\"text-align: center;\"><span style=\"color: #ffffff;\">\u25d9<\/span><\/p>\n<p><em>Jacques \u00e9pouse Marie <\/em><strong>LEROUSSEAU<\/strong><em> le 21 f\u00e9vrier <\/em><strong>1854<\/strong><em> \u00e0 Saint-Martin-Ch\u00e2teau\u00a0 (contrat Tramonteil \u00e0 Peyrat).<\/em><\/p>\n<p><em>Ils habitent Peyrat-le-Ch\u00e2teau (87).<\/em><\/p>\n","protected":false},"excerpt":{"rendered":"<p>Mis \u00e0 jour le : 30\/04\/2026Jacques TAUPELET 1822 \u2013 apr\u00e8s 1889 ma\u00e7on et cultivateur n\u00e9 \u00e0 L\u00e2ge (Saint-Martin-Ch\u00e2teau) le 11 d\u00e9cembre 1822 fils de Jacques TAUPELET \/ Marie COULAUD laboureurs \u25d9 Jacques \u00e9pouse Marie LEROUSSEAU le 21 f\u00e9vrier 1854 \u00e0 Saint-Martin-Ch\u00e2teau\u00a0 (contrat Tramonteil \u00e0 Peyrat). Ils habitent Peyrat-le-Ch\u00e2..<\/p>\n<div class=\"clear-fix\"><\/div>\n<p><a href=\"https:\/\/www.lesmaconsdelacreuse.fr\/annuaires\/lettre-t\/t_58\/\" title=\"Lire la suite...\">Lire la suite<\/a><\/p>\n","protected":false},"author":2,"featured_media":0,"comment_status":"closed","ping_status":"closed","sticky":false,"template":"","format":"standard","meta":{"_acf_changed":false,"_exactmetrics_skip_tracking":false,"_exactmetrics_sitenote_active":false,"_exactmetrics_sitenote_note":"","_exactmetrics_sitenote_category":0,"footnotes":""},"categories":[13],"tags":[],"class_list":["post-12700","post","type-post","status-publish","format-standard","hentry","category-lettre-t"],"acf":[],"_links":{"self":[{"href":"https:\/\/www.lesmaconsdelacreuse.fr\/annuaires\/wp-json\/wp\/v2\/posts\/12700","targetHints":{"allow":["GET"]}}],"collection":[{"href":"https:\/\/www.lesmaconsdelacreuse.fr\/annuaires\/wp-json\/wp\/v2\/posts"}],"about":[{"href":"https:\/\/www.lesmaconsdelacreuse.fr\/annuaires\/wp-json\/wp\/v2\/types\/post"}],"author":[{"embeddable":true,"href":"https:\/\/www.lesmaconsdelacreuse.fr\/annuaires\/wp-json\/wp\/v2\/users\/2"}],"replies":[{"embeddable":true,"href":"https:\/\/www.lesmaconsdelacreuse.fr\/annuaires\/wp-json\/wp\/v2\/comments?post=12700"}],"version-history":[{"count":1,"href":"https:\/\/www.lesmaconsdelacreuse.fr\/annuaires\/wp-json\/wp\/v2\/posts\/12700\/revisions"}],"predecessor-version":[{"id":198559,"href":"https:\/\/www.lesmaconsdelacreuse.fr\/annuaires\/wp-json\/wp\/v2\/posts\/12700\/revisions\/198559"}],"wp:attachment":[{"href":"https:\/\/www.lesmaconsdelacreuse.fr\/annuaires\/wp-json\/wp\/v2\/media?parent=12700"}],"wp:term":[{"taxonomy":"category","embeddable":true,"href":"https:\/\/www.lesmaconsdelacreuse.fr\/annuaires\/wp-json\/wp\/v2\/categories?post=12700"},{"taxonomy":"post_tag","embeddable":true,"href":"https:\/\/www.lesmaconsdelacreuse.fr\/annuaires\/wp-json\/wp\/v2\/tags?post=12700"}],"curies":[{"name":"wp","href":"https:\/\/api.w.org\/{rel}","templated":true}]}}