{"id":12704,"date":"2019-07-28T16:13:01","date_gmt":"2019-07-28T14:13:01","guid":{"rendered":"http:\/\/lesmaconsdelacreuse.fr\/annuaire\/?p=12704"},"modified":"2020-01-20T11:24:12","modified_gmt":"2020-01-20T10:24:12","slug":"t_16","status":"publish","type":"post","link":"https:\/\/www.lesmaconsdelacreuse.fr\/annuaires\/lettre-t\/t_16\/","title":{"rendered":"TARNAT Fran\u00e7ois (1810-1873)"},"content":{"rendered":"<p class=\"last-updated\"><strong>Mis \u00e0 jour le :<\/strong> 30\/04\/2026<\/p><h2 style=\"text-align: center;\"><strong>Fran\u00e7ois TARNAT<\/strong><\/h2>\n<p style=\"text-align: center;\"><strong>1810 \u2013 1873<\/strong><\/p>\n<p style=\"text-align: center;\"><img decoding=\"async\" title=\"\" src=\"https:\/\/lesmaconsdelacreuse.fr\/annuaire\/wp-content\/uploads\/2019\/07\/image1-3081.jpg\" alt=\"\" data-asset-id=\"12703\" data-source-id=\"i.0\" \/><\/p>\n<h4 style=\"text-align: center;\"><span style=\"color: #008000;\"><strong>ma\u00e7on <\/strong>et <strong>propri\u00e9taire cultivateur<\/strong><\/span><\/h4>\n<p style=\"text-align: center;\">n\u00e9 \u00e0 Rubeyne (Roy\u00e8re)<\/p>\n<p style=\"text-align: center;\">le 4 d\u00e9cembre 1810<\/p>\n<p style=\"text-align: center;\">fils de<\/p>\n<p style=\"text-align: center;\">Gabriel TARNAT,<span style=\"color: #008000;\"><strong> ma\u00e7on<\/strong><\/span><\/p>\n<p style=\"text-align: center;\">Marie B\u00c9NASSY, cultivatrice<\/p>\n<p style=\"text-align: center;\"><span style=\"color: #ffffff;\">\u25d9<\/span><\/p>\n<p><em>Fran\u00e7ois \u00e9pouse L\u00e9onarde <\/em><strong>TIXIER<\/strong><em>, factrice de la poste, le 4 f\u00e9vrier <\/em><strong>1834<\/strong><em> \u00e0 Roy\u00e8re.<\/em><\/p>\n<p><em> Ils habitent le bourg de Roy\u00e8re.<\/em><\/p>\n<p><strong>En 1868<\/strong><em>, Fran\u00e7ois travaille \u00e0 <\/em><span style=\"color: #0000ff;\"><strong>Mogneneins (01)<\/strong><\/span><em>.<\/em><\/p>\n<p><em>Les \u00e9poux d\u00e9c\u00e8dent \u00e0 Roy\u00e8re\u00a0:<\/em><\/p>\n<ul>\n<li><em>Fran\u00e7ois, le 7 ao\u00fbt <\/em><strong>1873<\/strong><em>, \u00e2g\u00e9 de 62 ans, apr\u00e8s avoir test\u00e9 le 23 juillet devant Me Toumieux de Roy\u00e8re<\/em><\/li>\n<li><em>L\u00e9onarde, le 3 d\u00e9cembre <\/em><strong>1887<\/strong><em>, \u00e2g\u00e9e de 69 ans<\/em><\/li>\n<\/ul>\n","protected":false},"excerpt":{"rendered":"<p>Mis \u00e0 jour le : 30\/04\/2026Fran\u00e7ois TARNAT 1810 \u2013 1873 ma\u00e7on et propri\u00e9taire cultivateur n\u00e9 \u00e0 Rubeyne (Roy\u00e8re) le 4 d\u00e9cembre 1810 fils de Gabriel TARNAT, ma\u00e7on Marie B\u00c9NASSY, cultivatrice \u25d9 Fran\u00e7ois \u00e9pouse L\u00e9onarde TIXIER, factrice de la poste, le 4 f\u00e9vrier 1834 \u00e0 Roy\u00e8re. Ils habitent le bourg de Roy\u00e8re. En 1868, Fran\u00e7ois travaille ..<\/p>\n<div class=\"clear-fix\"><\/div>\n<p><a href=\"https:\/\/www.lesmaconsdelacreuse.fr\/annuaires\/lettre-t\/t_16\/\" title=\"Lire la suite...\">Lire la suite<\/a><\/p>\n","protected":false},"author":2,"featured_media":0,"comment_status":"closed","ping_status":"closed","sticky":false,"template":"","format":"standard","meta":{"_acf_changed":false,"_exactmetrics_skip_tracking":false,"_exactmetrics_sitenote_active":false,"_exactmetrics_sitenote_note":"","_exactmetrics_sitenote_category":0,"footnotes":""},"categories":[13],"tags":[],"class_list":["post-12704","post","type-post","status-publish","format-standard","hentry","category-lettre-t"],"acf":[],"_links":{"self":[{"href":"https:\/\/www.lesmaconsdelacreuse.fr\/annuaires\/wp-json\/wp\/v2\/posts\/12704","targetHints":{"allow":["GET"]}}],"collection":[{"href":"https:\/\/www.lesmaconsdelacreuse.fr\/annuaires\/wp-json\/wp\/v2\/posts"}],"about":[{"href":"https:\/\/www.lesmaconsdelacreuse.fr\/annuaires\/wp-json\/wp\/v2\/types\/post"}],"author":[{"embeddable":true,"href":"https:\/\/www.lesmaconsdelacreuse.fr\/annuaires\/wp-json\/wp\/v2\/users\/2"}],"replies":[{"embeddable":true,"href":"https:\/\/www.lesmaconsdelacreuse.fr\/annuaires\/wp-json\/wp\/v2\/comments?post=12704"}],"version-history":[{"count":0,"href":"https:\/\/www.lesmaconsdelacreuse.fr\/annuaires\/wp-json\/wp\/v2\/posts\/12704\/revisions"}],"wp:attachment":[{"href":"https:\/\/www.lesmaconsdelacreuse.fr\/annuaires\/wp-json\/wp\/v2\/media?parent=12704"}],"wp:term":[{"taxonomy":"category","embeddable":true,"href":"https:\/\/www.lesmaconsdelacreuse.fr\/annuaires\/wp-json\/wp\/v2\/categories?post=12704"},{"taxonomy":"post_tag","embeddable":true,"href":"https:\/\/www.lesmaconsdelacreuse.fr\/annuaires\/wp-json\/wp\/v2\/tags?post=12704"}],"curies":[{"name":"wp","href":"https:\/\/api.w.org\/{rel}","templated":true}]}}