{"id":12706,"date":"2019-07-28T16:13:01","date_gmt":"2019-07-28T14:13:01","guid":{"rendered":"http:\/\/lesmaconsdelacreuse.fr\/annuaire\/?p=12706"},"modified":"2022-05-01T19:32:20","modified_gmt":"2022-05-01T17:32:20","slug":"t_35","status":"publish","type":"post","link":"https:\/\/www.lesmaconsdelacreuse.fr\/annuaires\/lettre-t\/t_35\/","title":{"rendered":"TERRADE Gilles (1805-apr\u00e8s 1873)"},"content":{"rendered":"<p class=\"last-updated\"><strong>Mis \u00e0 jour le :<\/strong> 30\/04\/2026<\/p><h2 style=\"text-align: center;\"><strong>Gilles TERRADE<\/strong><\/h2>\n<p style=\"text-align: center;\"><strong>1805 \u2013 apr\u00e8s 1873<\/strong><\/p>\n<p style=\"text-align: center;\"><img decoding=\"async\" title=\"\" src=\"https:\/\/lesmaconsdelacreuse.fr\/annuaire\/wp-content\/uploads\/2019\/07\/image1-3082.jpg\" alt=\"\" data-asset-id=\"12705\" data-source-id=\"i.0\" \/><\/p>\n<h4 style=\"text-align: center;\"><span style=\"color: #008000;\"><strong>ma\u00e7on<\/strong><\/span><\/h4>\n<p style=\"text-align: center;\">n\u00e9 au Pourch\u00e9roux (Saint-Marc-\u00e0-Loubaud)<\/p>\n<p style=\"text-align: center;\">le 24 frimaire an XIV (15 d\u00e9cembre 1805)<\/p>\n<p style=\"text-align: center;\">fils de<\/p>\n<p style=\"text-align: center;\">Joseph TARADE \/ Catherine CHAIX<\/p>\n<p style=\"text-align: center;\"><span style=\"color: #ffffff;\">\u25d9<\/span><\/p>\n<p><em>Gilles \u00e9pouse Marie <\/em><strong>DELARD<\/strong><em> le 18 f\u00e9vrier <\/em><strong>1833<\/strong><em> \u00e0 Saint-Yriex-la-Montagne.<\/em><\/p>\n<p><em> Ils habitent d&rsquo;abord Lachaud, commune du Monteil.<\/em><\/p>\n<p><em>Marie d\u00e9c\u00e8de \u00e0 Valli\u00e8re le 8 janvier <\/em><strong>1854<\/strong><em>, \u00e2g\u00e9e de 41 ans.<\/em><\/p>\n","protected":false},"excerpt":{"rendered":"<p>Mis \u00e0 jour le : 30\/04\/2026Gilles TERRADE 1805 \u2013 apr\u00e8s 1873 ma\u00e7on n\u00e9 au Pourch\u00e9roux (Saint-Marc-\u00e0-Loubaud) le 24 frimaire an XIV (15 d\u00e9cembre 1805) fils de Joseph TARADE \/ Catherine CHAIX \u25d9 Gilles \u00e9pouse Marie DELARD le 18 f\u00e9vrier 1833 \u00e0 Saint-Yriex-la-Montagne. Ils habitent d&rsquo;abord Lachaud, commune du Monteil. Marie d\u00e9c\u00e8de \u00e0 Valli\u00e8re le 8 ..<\/p>\n<div class=\"clear-fix\"><\/div>\n<p><a href=\"https:\/\/www.lesmaconsdelacreuse.fr\/annuaires\/lettre-t\/t_35\/\" title=\"Lire la suite...\">Lire la suite<\/a><\/p>\n","protected":false},"author":2,"featured_media":0,"comment_status":"closed","ping_status":"closed","sticky":false,"template":"","format":"standard","meta":{"_acf_changed":false,"_exactmetrics_skip_tracking":false,"_exactmetrics_sitenote_active":false,"_exactmetrics_sitenote_note":"","_exactmetrics_sitenote_category":0,"footnotes":""},"categories":[13],"tags":[],"class_list":["post-12706","post","type-post","status-publish","format-standard","hentry","category-lettre-t"],"acf":[],"_links":{"self":[{"href":"https:\/\/www.lesmaconsdelacreuse.fr\/annuaires\/wp-json\/wp\/v2\/posts\/12706","targetHints":{"allow":["GET"]}}],"collection":[{"href":"https:\/\/www.lesmaconsdelacreuse.fr\/annuaires\/wp-json\/wp\/v2\/posts"}],"about":[{"href":"https:\/\/www.lesmaconsdelacreuse.fr\/annuaires\/wp-json\/wp\/v2\/types\/post"}],"author":[{"embeddable":true,"href":"https:\/\/www.lesmaconsdelacreuse.fr\/annuaires\/wp-json\/wp\/v2\/users\/2"}],"replies":[{"embeddable":true,"href":"https:\/\/www.lesmaconsdelacreuse.fr\/annuaires\/wp-json\/wp\/v2\/comments?post=12706"}],"version-history":[{"count":2,"href":"https:\/\/www.lesmaconsdelacreuse.fr\/annuaires\/wp-json\/wp\/v2\/posts\/12706\/revisions"}],"predecessor-version":[{"id":198555,"href":"https:\/\/www.lesmaconsdelacreuse.fr\/annuaires\/wp-json\/wp\/v2\/posts\/12706\/revisions\/198555"}],"wp:attachment":[{"href":"https:\/\/www.lesmaconsdelacreuse.fr\/annuaires\/wp-json\/wp\/v2\/media?parent=12706"}],"wp:term":[{"taxonomy":"category","embeddable":true,"href":"https:\/\/www.lesmaconsdelacreuse.fr\/annuaires\/wp-json\/wp\/v2\/categories?post=12706"},{"taxonomy":"post_tag","embeddable":true,"href":"https:\/\/www.lesmaconsdelacreuse.fr\/annuaires\/wp-json\/wp\/v2\/tags?post=12706"}],"curies":[{"name":"wp","href":"https:\/\/api.w.org\/{rel}","templated":true}]}}