{"id":12710,"date":"2019-07-28T16:13:01","date_gmt":"2019-07-28T14:13:01","guid":{"rendered":"http:\/\/lesmaconsdelacreuse.fr\/annuaire\/?p=12710"},"modified":"2020-09-21T13:33:56","modified_gmt":"2020-09-21T11:33:56","slug":"t_36","status":"publish","type":"post","link":"https:\/\/www.lesmaconsdelacreuse.fr\/annuaires\/lettre-t\/t_36\/","title":{"rendered":"TERRADE Jean (1864-1941)"},"content":{"rendered":"<p class=\"last-updated\"><strong>Mis \u00e0 jour le :<\/strong> 30\/04\/2026<\/p><h2 style=\"text-align: center;\"><strong>Jean TERRADE<\/strong><\/h2>\n<p style=\"text-align: center;\"><strong>1864 \u2013 1941<\/strong><\/p>\n<p style=\"text-align: center;\"><img decoding=\"async\" title=\"\" src=\"https:\/\/lesmaconsdelacreuse.fr\/annuaire\/wp-content\/uploads\/2019\/07\/image1-3084.jpg\" alt=\"\" data-asset-id=\"12709\" data-source-id=\"i.0\" \/><\/p>\n<h4 style=\"text-align: center;\"><span style=\"color: #008000;\"><strong>ma\u00e7on <\/strong>et<strong>\u00a0<\/strong><\/span><a href=\"https:\/\/www.lesmaconsdelacreuse.fr\/annuaires\/wp-content\/uploads\/2020\/08\/BORDIER.png\"><strong><span style=\"color: #008000;\">\u25babordier<\/span><\/strong><\/a><\/h4>\n<p>&nbsp;<\/p>\n<p style=\"text-align: center;\">n\u00e9 au Mazeau (Auriat)<\/p>\n<p style=\"text-align: center;\">le 8 octobre 1864<\/p>\n<p style=\"text-align: center;\">fils de<\/p>\n<p style=\"text-align: center;\">Jacques TERRADE \/ L\u00e9onarde RAMPIGNON<\/p>\n<p style=\"text-align: center;\">cultivateurs<\/p>\n<p style=\"text-align: center;\"><span style=\"color: #ffffff;\">\u25d9<\/span><\/p>\n<p><strong>En 1885<\/strong><em>, Jean est dispens\u00e9 de service militaire comme soutien de famille.<\/em><\/p>\n<p><em>Il \u00e9pouse Jeanne <\/em><strong>SIMONET<\/strong><em> le 4 f\u00e9vrier <\/em><strong>1888<\/strong><em> \u00e0 Faux-Mazuras. Le couple habite La Cour-de-Rozet.<\/em><\/p>\n<p><strong>En 1899<\/strong><em>, Jean travaille \u00e0 <\/em><span style=\"color: #0000ff;\"><strong>Lyon (69)<\/strong><\/span><em>, logeant 154, rue Moli\u00e8re, puis \u00e0 <\/em><span style=\"color: #0000ff;\"><strong>Tassin-la-Demi-Lune (69)<\/strong><\/span><em>\u00a0;<\/em><\/p>\n<p><em>De retour \u00e0 Lyon, il loge\u00a0:<\/em><\/p>\n<p><strong>en 1900<\/strong><em>, \u00e0 l\u2019adresse de 1899\u00a0;<\/em><\/p>\n<p><strong>en 1905<\/strong><em>, 111, chemin de Choulans.<\/em><\/p>\n<p><em>Il d\u00e9c\u00e8de \u00e0 Bord, m\u00eame commune, le 2 novembre <\/em><strong>1941<\/strong><em>, \u00e2g\u00e9 de 77 ans.<\/em><\/p>\n<p>&nbsp;<\/p>\n","protected":false},"excerpt":{"rendered":"<p>Mis \u00e0 jour le : 30\/04\/2026Jean TERRADE 1864 \u2013 1941 ma\u00e7on et\u00a0\u25babordier &nbsp; n\u00e9 au Mazeau (Auriat) le 8 octobre 1864 fils de Jacques TERRADE \/ L\u00e9onarde RAMPIGNON cultivateurs \u25d9 En 1885, Jean est dispens\u00e9 de service militaire comme soutien de famille. Il \u00e9pouse Jeanne SIMONET le 4 f\u00e9vrier 1888 \u00e0 Faux-Mazuras. Le couple habite ..<\/p>\n<div class=\"clear-fix\"><\/div>\n<p><a href=\"https:\/\/www.lesmaconsdelacreuse.fr\/annuaires\/lettre-t\/t_36\/\" title=\"Lire la suite...\">Lire la suite<\/a><\/p>\n","protected":false},"author":2,"featured_media":0,"comment_status":"closed","ping_status":"closed","sticky":false,"template":"","format":"standard","meta":{"_acf_changed":false,"_exactmetrics_skip_tracking":false,"_exactmetrics_sitenote_active":false,"_exactmetrics_sitenote_note":"","_exactmetrics_sitenote_category":0,"footnotes":""},"categories":[13],"tags":[],"class_list":["post-12710","post","type-post","status-publish","format-standard","hentry","category-lettre-t"],"acf":[],"_links":{"self":[{"href":"https:\/\/www.lesmaconsdelacreuse.fr\/annuaires\/wp-json\/wp\/v2\/posts\/12710","targetHints":{"allow":["GET"]}}],"collection":[{"href":"https:\/\/www.lesmaconsdelacreuse.fr\/annuaires\/wp-json\/wp\/v2\/posts"}],"about":[{"href":"https:\/\/www.lesmaconsdelacreuse.fr\/annuaires\/wp-json\/wp\/v2\/types\/post"}],"author":[{"embeddable":true,"href":"https:\/\/www.lesmaconsdelacreuse.fr\/annuaires\/wp-json\/wp\/v2\/users\/2"}],"replies":[{"embeddable":true,"href":"https:\/\/www.lesmaconsdelacreuse.fr\/annuaires\/wp-json\/wp\/v2\/comments?post=12710"}],"version-history":[{"count":0,"href":"https:\/\/www.lesmaconsdelacreuse.fr\/annuaires\/wp-json\/wp\/v2\/posts\/12710\/revisions"}],"wp:attachment":[{"href":"https:\/\/www.lesmaconsdelacreuse.fr\/annuaires\/wp-json\/wp\/v2\/media?parent=12710"}],"wp:term":[{"taxonomy":"category","embeddable":true,"href":"https:\/\/www.lesmaconsdelacreuse.fr\/annuaires\/wp-json\/wp\/v2\/categories?post=12710"},{"taxonomy":"post_tag","embeddable":true,"href":"https:\/\/www.lesmaconsdelacreuse.fr\/annuaires\/wp-json\/wp\/v2\/tags?post=12710"}],"curies":[{"name":"wp","href":"https:\/\/api.w.org\/{rel}","templated":true}]}}