{"id":12718,"date":"2019-07-28T16:13:00","date_gmt":"2019-07-28T14:13:00","guid":{"rendered":"http:\/\/lesmaconsdelacreuse.fr\/annuaire\/?p=12718"},"modified":"2020-10-16T10:45:45","modified_gmt":"2020-10-16T08:45:45","slug":"t_46","status":"publish","type":"post","link":"https:\/\/www.lesmaconsdelacreuse.fr\/annuaires\/lettre-t\/t_46\/","title":{"rendered":"TARRAQUOIS Jean (1823-1888)"},"content":{"rendered":"<p class=\"last-updated\"><strong>Mis \u00e0 jour le :<\/strong> 30\/04\/2026<\/p><h2 style=\"text-align: center;\"><strong>Jean TARRAQUOIS<\/strong><\/h2>\n<p style=\"text-align: center;\"><strong>1823 \u2013 1888<\/strong><\/p>\n<p style=\"text-align: center;\"><img decoding=\"async\" title=\"\" src=\"https:\/\/lesmaconsdelacreuse.fr\/annuaire\/wp-content\/uploads\/2019\/07\/image1-3087.jpg\" alt=\"\" data-asset-id=\"12717\" data-source-id=\"i.0\" \/><\/p>\n<h4 style=\"text-align: center;\"><span style=\"color: #008000;\"><strong>ma\u00e7on <\/strong>et <strong>\u25ba <\/strong><a style=\"color: #008000;\" href=\"https:\/\/www.lesmaconsdelacreuse.fr\/annuaires\/wp-content\/uploads\/2019\/07\/MARBRIER.png\" target=\"_blank\" rel=\"noopener noreferrer\"><strong><span style=\"color: #008000;\">marbrier<\/span><\/strong><\/a>\u00a0;\u00a0<em><strong>\u25ba<a href=\"https:\/\/www.lesmaconsdelacreuse.fr\/annuaires\/wp-content\/uploads\/2020\/08\/LOGEUR-LOGEUSE.png\"><span style=\"color: #008000;\">logeur<\/span><\/a><\/strong><\/em><\/span><\/h4>\n<p>&nbsp;<\/p>\n<p style=\"text-align: center;\">n\u00e9 \u00e0 Quenouille (Peyrat-le-Ch\u00e2teau \u2013 87)<\/p>\n<p style=\"text-align: center;\">le 20 juillet 1823<\/p>\n<p style=\"text-align: center;\">fils de<\/p>\n<p style=\"text-align: center;\">L\u00e9onard TARRAQUOIS \/ Catherine AUPHELAUD<\/p>\n<p style=\"text-align: center;\">cultivateurs<\/p>\n<p style=\"text-align: center;\"><span style=\"color: #ffffff;\">\u25d9<\/span><\/p>\n<p><em>Jean, <\/em><span style=\"color: #008000;\"><strong>ma\u00e7on<\/strong><\/span><em>, \u00e9pouse Catherine <\/em><strong>LENOIR<\/strong><em> le 16 f\u00e9vrier <\/em><strong>1848<\/strong> <em>\u00e0 Roy\u00e8re (contrat Toumieux). <\/em><\/p>\n<p><strong>En 1856<\/strong><em>, ils habitent <\/em><span style=\"color: #0000ff;\"><strong>Lyon (69)<\/strong><\/span><em>, 1, rue Duplessis, 3e arrondissement\u00a0;<\/em><\/p>\n<p>\u25ba<span style=\"color: #000000;\"><strong><a style=\"color: #000000;\" href=\"https:\/\/www.lesmaconsdelacreuse.fr\/annuaires\/\/wp-content\/uploads\/DOCUMENTS\/1863_-_Jean_TARRAQUOIS_marbrier_et_logeur_a_Lyon.pdf\" target=\"_blank\" rel=\"noopener noreferrer\">en 1863<\/a><\/strong><\/span><em>, quartier des Brotteaux, 23, rue Madame, et Jean est <\/em><span style=\"color: #008000;\"><strong>marbrier <\/strong><\/span><em>et <\/em><span style=\"color: #008000;\"><strong>logeur<\/strong><\/span><em>\u00a0;<\/em><\/p>\n<p><strong>en 1888<\/strong><em>, 26, rue Cuvier.<\/em><\/p>\n<p><em>Jean d\u00e9c\u00e8de \u00e0 <\/em><span style=\"color: #0000ff;\"><strong>Albigny-sur-Sa\u00f4ne (69)<\/strong><\/span><em> le 31 ao\u00fbt de la m\u00eame ann\u00e9e, \u00e2g\u00e9 de 65 ans<\/em><\/p>\n<p><em>Sa veuve d\u00e9c\u00e8de le 15 f\u00e9vrier <\/em>1896 <em>\u00e0 Lyon 3e, \u00e2g\u00e9e de 71 ans<\/em><\/p>\n<p>&nbsp;<\/p>\n","protected":false},"excerpt":{"rendered":"<p>Mis \u00e0 jour le : 30\/04\/2026Jean TARRAQUOIS 1823 \u2013 1888 ma\u00e7on et \u25ba marbrier\u00a0;\u00a0\u25balogeur &nbsp; n\u00e9 \u00e0 Quenouille (Peyrat-le-Ch\u00e2teau \u2013 87) le 20 juillet 1823 fils de L\u00e9onard TARRAQUOIS \/ Catherine AUPHELAUD cultivateurs \u25d9 Jean, ma\u00e7on, \u00e9pouse Catherine LENOIR le 16 f\u00e9vrier 1848 \u00e0 Roy\u00e8re (contrat Toumieux). En 1856, ils habitent Lyon (69), 1, rue ..<\/p>\n<div class=\"clear-fix\"><\/div>\n<p><a href=\"https:\/\/www.lesmaconsdelacreuse.fr\/annuaires\/lettre-t\/t_46\/\" title=\"Lire la suite...\">Lire la suite<\/a><\/p>\n","protected":false},"author":2,"featured_media":0,"comment_status":"closed","ping_status":"closed","sticky":false,"template":"","format":"standard","meta":{"_acf_changed":false,"_exactmetrics_skip_tracking":false,"_exactmetrics_sitenote_active":false,"_exactmetrics_sitenote_note":"","_exactmetrics_sitenote_category":0,"footnotes":""},"categories":[13],"tags":[],"class_list":["post-12718","post","type-post","status-publish","format-standard","hentry","category-lettre-t"],"acf":[],"_links":{"self":[{"href":"https:\/\/www.lesmaconsdelacreuse.fr\/annuaires\/wp-json\/wp\/v2\/posts\/12718","targetHints":{"allow":["GET"]}}],"collection":[{"href":"https:\/\/www.lesmaconsdelacreuse.fr\/annuaires\/wp-json\/wp\/v2\/posts"}],"about":[{"href":"https:\/\/www.lesmaconsdelacreuse.fr\/annuaires\/wp-json\/wp\/v2\/types\/post"}],"author":[{"embeddable":true,"href":"https:\/\/www.lesmaconsdelacreuse.fr\/annuaires\/wp-json\/wp\/v2\/users\/2"}],"replies":[{"embeddable":true,"href":"https:\/\/www.lesmaconsdelacreuse.fr\/annuaires\/wp-json\/wp\/v2\/comments?post=12718"}],"version-history":[{"count":0,"href":"https:\/\/www.lesmaconsdelacreuse.fr\/annuaires\/wp-json\/wp\/v2\/posts\/12718\/revisions"}],"wp:attachment":[{"href":"https:\/\/www.lesmaconsdelacreuse.fr\/annuaires\/wp-json\/wp\/v2\/media?parent=12718"}],"wp:term":[{"taxonomy":"category","embeddable":true,"href":"https:\/\/www.lesmaconsdelacreuse.fr\/annuaires\/wp-json\/wp\/v2\/categories?post=12718"},{"taxonomy":"post_tag","embeddable":true,"href":"https:\/\/www.lesmaconsdelacreuse.fr\/annuaires\/wp-json\/wp\/v2\/tags?post=12718"}],"curies":[{"name":"wp","href":"https:\/\/api.w.org\/{rel}","templated":true}]}}