{"id":12721,"date":"2019-07-28T16:13:00","date_gmt":"2019-07-28T14:13:00","guid":{"rendered":"http:\/\/lesmaconsdelacreuse.fr\/annuaire\/?p=12721"},"modified":"2023-01-04T14:19:39","modified_gmt":"2023-01-04T13:19:39","slug":"t_24","status":"publish","type":"post","link":"https:\/\/www.lesmaconsdelacreuse.fr\/annuaires\/lettre-t\/t_24\/","title":{"rendered":"TARNAT L\u00e9onard (1695-1738)"},"content":{"rendered":"<p class=\"last-updated\"><strong>Mis \u00e0 jour le :<\/strong> 30\/04\/2026<\/p><h2 style=\"text-align: center;\"><strong>L\u00e9onard TARNAT<\/strong><\/h2>\n<p style=\"text-align: center;\"><strong>1695 \u2013 1738<\/strong><\/p>\n<p style=\"text-align: center;\"><img decoding=\"async\" title=\"\" src=\"https:\/\/lesmaconsdelacreuse.fr\/annuaire\/wp-content\/uploads\/2019\/07\/image1-3088.jpg\" alt=\"\" data-asset-id=\"12719\" data-source-id=\"i.0\" \/><\/p>\n<h4 style=\"text-align: center;\"><span style=\"color: #008000;\"><strong>ma\u00e7on <\/strong>et<strong> laboureur<\/strong><\/span><\/h4>\n<p style=\"text-align: center;\">n\u00e9 \u00e0 Masgrangeas (Roy\u00e8re)<\/p>\n<p style=\"text-align: center;\">le 16 juillet 1695<\/p>\n<p style=\"text-align: center;\">fils de<\/p>\n<p style=\"text-align: center;\">L\u00e9onard TARNAT \/ Anne MARAND<\/p>\n<p style=\"text-align: center;\">laboureurs<\/p>\n<p style=\"text-align: center;\"><span style=\"color: #ffffff;\">\u25d9<\/span><\/p>\n<p><em>L\u00e9onard \u00e9pouse Marie <\/em><strong>PERN\u00c8GRE<\/strong><em> le 23 f\u00e9vrier <\/em><strong>1718<\/strong><em> \u00e0 Roy\u00e8re. Ils habitent Masgrangeas.<\/em><\/p>\n<p><em> L\u00e9onard y d\u00e9c\u00e8de le 2 octobre <\/em><strong>1738<\/strong><em>, \u00e2g\u00e9 de 43 ans.<\/em><\/p>\n<p><em> Sa veuve se remarie en 1740 avec Joseph TESTE, tisserand, et d\u00e9c\u00e8de \u00e0 La Borderie, paroisse du Compeix, le 11 avril 1782, \u00e2g\u00e9e de 78 ans.<\/em><\/p>\n<p>S17<\/p>\n","protected":false},"excerpt":{"rendered":"<p>Mis \u00e0 jour le : 30\/04\/2026L\u00e9onard TARNAT 1695 \u2013 1738 ma\u00e7on et laboureur n\u00e9 \u00e0 Masgrangeas (Roy\u00e8re) le 16 juillet 1695 fils de L\u00e9onard TARNAT \/ Anne MARAND laboureurs \u25d9 L\u00e9onard \u00e9pouse Marie PERN\u00c8GRE le 23 f\u00e9vrier 1718 \u00e0 Roy\u00e8re. Ils habitent Masgrangeas. L\u00e9onard y d\u00e9c\u00e8de le 2 octobre 1738, \u00e2g\u00e9 de 43 ans. Sa ..<\/p>\n<div class=\"clear-fix\"><\/div>\n<p><a href=\"https:\/\/www.lesmaconsdelacreuse.fr\/annuaires\/lettre-t\/t_24\/\" title=\"Lire la suite...\">Lire la suite<\/a><\/p>\n","protected":false},"author":2,"featured_media":0,"comment_status":"closed","ping_status":"closed","sticky":false,"template":"","format":"standard","meta":{"_acf_changed":false,"_exactmetrics_skip_tracking":false,"_exactmetrics_sitenote_active":false,"_exactmetrics_sitenote_note":"","_exactmetrics_sitenote_category":0,"footnotes":""},"categories":[13],"tags":[],"class_list":["post-12721","post","type-post","status-publish","format-standard","hentry","category-lettre-t"],"acf":[],"_links":{"self":[{"href":"https:\/\/www.lesmaconsdelacreuse.fr\/annuaires\/wp-json\/wp\/v2\/posts\/12721","targetHints":{"allow":["GET"]}}],"collection":[{"href":"https:\/\/www.lesmaconsdelacreuse.fr\/annuaires\/wp-json\/wp\/v2\/posts"}],"about":[{"href":"https:\/\/www.lesmaconsdelacreuse.fr\/annuaires\/wp-json\/wp\/v2\/types\/post"}],"author":[{"embeddable":true,"href":"https:\/\/www.lesmaconsdelacreuse.fr\/annuaires\/wp-json\/wp\/v2\/users\/2"}],"replies":[{"embeddable":true,"href":"https:\/\/www.lesmaconsdelacreuse.fr\/annuaires\/wp-json\/wp\/v2\/comments?post=12721"}],"version-history":[{"count":1,"href":"https:\/\/www.lesmaconsdelacreuse.fr\/annuaires\/wp-json\/wp\/v2\/posts\/12721\/revisions"}],"predecessor-version":[{"id":203857,"href":"https:\/\/www.lesmaconsdelacreuse.fr\/annuaires\/wp-json\/wp\/v2\/posts\/12721\/revisions\/203857"}],"wp:attachment":[{"href":"https:\/\/www.lesmaconsdelacreuse.fr\/annuaires\/wp-json\/wp\/v2\/media?parent=12721"}],"wp:term":[{"taxonomy":"category","embeddable":true,"href":"https:\/\/www.lesmaconsdelacreuse.fr\/annuaires\/wp-json\/wp\/v2\/categories?post=12721"},{"taxonomy":"post_tag","embeddable":true,"href":"https:\/\/www.lesmaconsdelacreuse.fr\/annuaires\/wp-json\/wp\/v2\/tags?post=12721"}],"curies":[{"name":"wp","href":"https:\/\/api.w.org\/{rel}","templated":true}]}}