{"id":12722,"date":"2019-07-28T16:13:00","date_gmt":"2019-07-28T14:13:00","guid":{"rendered":"http:\/\/lesmaconsdelacreuse.fr\/annuaire\/?p=12722"},"modified":"2022-02-26T17:53:31","modified_gmt":"2022-02-26T16:53:31","slug":"t_71","status":"publish","type":"post","link":"https:\/\/www.lesmaconsdelacreuse.fr\/annuaires\/lettre-t\/t_71\/","title":{"rendered":"TAUTY Eug\u00e8ne (1884-1927)"},"content":{"rendered":"<p class=\"last-updated\"><strong>Mis \u00e0 jour le :<\/strong> 30\/04\/2026<\/p><h2 style=\"text-align: center;\"><strong>Eug\u00e8ne TAUTY<\/strong><\/h2>\n<p style=\"text-align: center;\"><strong>1884 \u2013 1927<\/strong><\/p>\n<h4 style=\"text-align: center;\"><span style=\"color: #008000;\"><strong>ma\u00e7on<\/strong><\/span><\/h4>\n<p style=\"text-align: center;\">n\u00e9 \u00e0 Jeansanas (Roy\u00e8re)<\/p>\n<p style=\"text-align: center;\">le 5 octobre 1884<\/p>\n<p style=\"text-align: center;\">fils de<\/p>\n<p style=\"text-align: center;\">Antoine TAUTY,<span style=\"color: #008000;\"><strong> ma\u00e7on<\/strong><\/span><\/p>\n<p style=\"text-align: center;\">Marie CL\u00c9MENT, cultivatrice<\/p>\n<p style=\"text-align: center;\"><span style=\"color: #ffffff;\">\u25d9<\/span><\/p>\n<p><strong>En 1905<\/strong><em>, Eug\u00e8ne travaille dans le <\/em><span style=\"color: #0000ff;\"><strong>Rh\u00f4ne<\/strong><\/span><em>, et y passe le conseil de r\u00e9vision. Il est dispens\u00e9 de service militaire comme fils a\u00een\u00e9 de veuve.<\/em><\/p>\n<p><strong>En 1906<\/strong><em>, il est \u00e0 <\/em><span style=\"color: #0000ff;\"><strong>Bully<\/strong><\/span> <span style=\"color: #0000ff;\"><strong>(69)<\/strong><\/span><em>\u00a0;<\/em><\/p>\n<p><strong>en 1908<\/strong><em>, \u00e0 <\/em><span style=\"color: #0000ff;\"><strong>Tr\u00e9voux (01)<\/strong><\/span><em>\u00a0;<\/em><\/p>\n<p><strong>en 1910<\/strong><em>, \u00e0 <\/em><strong><span style=\"color: #0000ff;\">Francheville (69)<\/span>\u00a0<\/strong><em>;<\/em><\/p>\n<p><strong>en 1911<\/strong><em> \u00e0 <\/em><span style=\"color: #0000ff;\"><strong>Pierre-B\u00e9nite (69)<\/strong><\/span><em>, place de la Mairie, puis \u00e0 <\/em><span style=\"color: #0000ff;\"><strong>Villefranche (69)<\/strong><\/span><em>, rue d\u2019Alsace\u00a0;<\/em><\/p>\n<p><strong>en 1916<\/strong><em>, \u00e0 <\/em><span style=\"color: #0000ff;\"><strong>Bourg (01)<\/strong><\/span><em>, 18, faubourg de M\u00e2con\u00a0;<\/em><\/p>\n<p><strong>en 1927<\/strong><em>, 29, rue de Bourgogne.<\/em><\/p>\n<p><em>Le 5 mai de la m\u00eame ann\u00e9e, il d\u00e9c\u00e8de <\/em><strong>c\u00e9libataire<\/strong><em> \u00e0 \u25ba<a href=\"https:\/\/www.lesmaconsdelacreuse.fr\/annuaires\/\/wp-content\/uploads\/PHOTOS_-_CARTES_POSTALES\/LYON_-_Hopital_de_lHotel-Dieu.jpg\" target=\"_blank\" rel=\"noopener\">l\u2019h\u00f4pital de Lyon 2<\/a><a href=\"https:\/\/www.lesmaconsdelacreuse.fr\/annuaires\/\/wp-content\/uploads\/PHOTOS_-_CARTES_POSTALES\/LYON_-_Hopital_de_lHotel-Dieu.jpg\" target=\"_blank\" rel=\"noopener\">e<\/a> , \u00e2g\u00e9 de 42 ans.<\/em><\/p>\n","protected":false},"excerpt":{"rendered":"<p>Mis \u00e0 jour le : 30\/04\/2026Eug\u00e8ne TAUTY 1884 \u2013 1927 ma\u00e7on n\u00e9 \u00e0 Jeansanas (Roy\u00e8re) le 5 octobre 1884 fils de Antoine TAUTY, ma\u00e7on Marie CL\u00c9MENT, cultivatrice \u25d9 En 1905, Eug\u00e8ne travaille dans le Rh\u00f4ne, et y passe le conseil de r\u00e9vision. Il est dispens\u00e9 de service militaire comme fils a\u00een\u00e9 de veuve. En 1906, ..<\/p>\n<div class=\"clear-fix\"><\/div>\n<p><a href=\"https:\/\/www.lesmaconsdelacreuse.fr\/annuaires\/lettre-t\/t_71\/\" title=\"Lire la suite...\">Lire la suite<\/a><\/p>\n","protected":false},"author":2,"featured_media":0,"comment_status":"closed","ping_status":"closed","sticky":false,"template":"","format":"standard","meta":{"_acf_changed":false,"_exactmetrics_skip_tracking":false,"_exactmetrics_sitenote_active":false,"_exactmetrics_sitenote_note":"","_exactmetrics_sitenote_category":0,"footnotes":""},"categories":[13],"tags":[],"class_list":["post-12722","post","type-post","status-publish","format-standard","hentry","category-lettre-t"],"acf":[],"_links":{"self":[{"href":"https:\/\/www.lesmaconsdelacreuse.fr\/annuaires\/wp-json\/wp\/v2\/posts\/12722","targetHints":{"allow":["GET"]}}],"collection":[{"href":"https:\/\/www.lesmaconsdelacreuse.fr\/annuaires\/wp-json\/wp\/v2\/posts"}],"about":[{"href":"https:\/\/www.lesmaconsdelacreuse.fr\/annuaires\/wp-json\/wp\/v2\/types\/post"}],"author":[{"embeddable":true,"href":"https:\/\/www.lesmaconsdelacreuse.fr\/annuaires\/wp-json\/wp\/v2\/users\/2"}],"replies":[{"embeddable":true,"href":"https:\/\/www.lesmaconsdelacreuse.fr\/annuaires\/wp-json\/wp\/v2\/comments?post=12722"}],"version-history":[{"count":1,"href":"https:\/\/www.lesmaconsdelacreuse.fr\/annuaires\/wp-json\/wp\/v2\/posts\/12722\/revisions"}],"predecessor-version":[{"id":195462,"href":"https:\/\/www.lesmaconsdelacreuse.fr\/annuaires\/wp-json\/wp\/v2\/posts\/12722\/revisions\/195462"}],"wp:attachment":[{"href":"https:\/\/www.lesmaconsdelacreuse.fr\/annuaires\/wp-json\/wp\/v2\/media?parent=12722"}],"wp:term":[{"taxonomy":"category","embeddable":true,"href":"https:\/\/www.lesmaconsdelacreuse.fr\/annuaires\/wp-json\/wp\/v2\/categories?post=12722"},{"taxonomy":"post_tag","embeddable":true,"href":"https:\/\/www.lesmaconsdelacreuse.fr\/annuaires\/wp-json\/wp\/v2\/tags?post=12722"}],"curies":[{"name":"wp","href":"https:\/\/api.w.org\/{rel}","templated":true}]}}