{"id":12732,"date":"2019-07-28T16:12:59","date_gmt":"2019-07-28T14:12:59","guid":{"rendered":"http:\/\/lesmaconsdelacreuse.fr\/annuaire\/?p=12732"},"modified":"2021-01-31T10:22:39","modified_gmt":"2021-01-31T09:22:39","slug":"t_73","status":"publish","type":"post","link":"https:\/\/www.lesmaconsdelacreuse.fr\/annuaires\/lettre-t\/t_73\/","title":{"rendered":"TAUTY Fran\u00e7ois (1807-1883)"},"content":{"rendered":"<p class=\"last-updated\"><strong>Mis \u00e0 jour le :<\/strong> 30\/04\/2026<\/p><h2 style=\"text-align: center;\"><strong>Fran\u00e7ois TAUTY<\/strong><\/h2>\n<p style=\"text-align: center;\"><strong>1807 \u2013 1883<\/strong><\/p>\n<p style=\"text-align: center;\"><img decoding=\"async\" title=\"\" src=\"https:\/\/lesmaconsdelacreuse.fr\/annuaire\/wp-content\/uploads\/2019\/07\/image1-192.png\" alt=\"\" data-asset-id=\"12731\" data-source-id=\"i.0\" \/><\/p>\n<h4 style=\"text-align: center;\"><span style=\"color: #008000;\"><strong>entrepreneur en b\u00e2timents<\/strong><\/span><\/h4>\n<p style=\"text-align: center;\">n\u00e9 \u00e0 Arpeix (Roy\u00e8re)<\/p>\n<p style=\"text-align: center;\">le 20 juin 1807<\/p>\n<p style=\"text-align: center;\">fils de<\/p>\n<p style=\"text-align: center;\">L\u00e9onard TAUTY \/ Marie-Anne LARTHE<\/p>\n<p style=\"text-align: center;\">laboureurs<\/p>\n<p style=\"text-align: center;\"><span style=\"color: #ffffff;\">\u25d9<\/span><\/p>\n<p><strong>En 1831<\/strong><em>, Fran\u00e7ois, <\/em><span style=\"color: #008000;\"><strong>ma\u00e7on<\/strong><\/span><em>,travaille \u00e0 <\/em><span style=\"color: #0000ff;\"><strong>L\u00e9tra (69)<\/strong><\/span><em>.<br \/>\n<\/em><\/p>\n<p><em>Il habite <\/em><span style=\"color: #0000ff;\"><strong>Vaise (69)<\/strong><\/span><em>, lorsqu\u2019il y \u00e9pouse, le 20 f\u00e9vrier <\/em><strong>1841<\/strong><em>, Fran\u00e7oise Hortense <\/em><strong>BLONDEL<\/strong><em>, native du Loiret. <\/em><\/p>\n<p><strong>En 1846<\/strong><em>, ils habitent <span style=\"color: #000000;\">Vaise<\/span>, 2, rue Royale\u00a0;<\/em><\/p>\n<p><em>puis, <\/em><span style=\"color: #0000ff;\"><strong>Lyon (69)<\/strong><\/span><em>, 32, rue Saint-Marcel, 1er arrondissement\u00a0;<\/em><\/p>\n<p><strong>en 1854<\/strong><em>, 28, m\u00eame rue\u00a0;<\/em><\/p>\n<p><strong>en 1864<\/strong><em>, 29, rue Neyret, 1er arrondissement.<\/em><\/p>\n<p><strong>En 1876<\/strong><em>, Fran\u00e7ois est <\/em><span style=\"color: #008000;\"><strong>ma\u00eetre ma\u00e7on<\/strong><\/span><em>, et ils habitent encore \u00e0 l\u2019adresse de 1864.<\/em><\/p>\n<p><em> Ils d\u00e9c\u00e8dent \u00e0 cette m\u00eame adresse\u00a0:<\/em><\/p>\n<ul>\n<li><em>Fran\u00e7oise, le 29 septembre <\/em><strong>1877<\/strong><em>, \u00e2g\u00e9e de 57 ans<\/em><\/li>\n<li><em>Fran\u00e7ois, le 25 juin <\/em><strong>1883<\/strong><em>, \u00e2g\u00e9 de 76 ans, <\/em><span style=\"color: #008000;\"><strong>entrepreneur<\/strong><\/span><\/li>\n<\/ul>\n","protected":false},"excerpt":{"rendered":"<p>Mis \u00e0 jour le : 30\/04\/2026Fran\u00e7ois TAUTY 1807 \u2013 1883 entrepreneur en b\u00e2timents n\u00e9 \u00e0 Arpeix (Roy\u00e8re) le 20 juin 1807 fils de L\u00e9onard TAUTY \/ Marie-Anne LARTHE laboureurs \u25d9 En 1831, Fran\u00e7ois, ma\u00e7on,travaille \u00e0 L\u00e9tra (69). Il habite Vaise (69), lorsqu\u2019il y \u00e9pouse, le 20 f\u00e9vrier 1841, Fran\u00e7oise Hortense BLONDEL, native du Loiret. En ..<\/p>\n<div class=\"clear-fix\"><\/div>\n<p><a href=\"https:\/\/www.lesmaconsdelacreuse.fr\/annuaires\/lettre-t\/t_73\/\" title=\"Lire la suite...\">Lire la suite<\/a><\/p>\n","protected":false},"author":2,"featured_media":0,"comment_status":"closed","ping_status":"closed","sticky":false,"template":"","format":"standard","meta":{"_acf_changed":false,"_exactmetrics_skip_tracking":false,"_exactmetrics_sitenote_active":false,"_exactmetrics_sitenote_note":"","_exactmetrics_sitenote_category":0,"footnotes":""},"categories":[13],"tags":[],"class_list":["post-12732","post","type-post","status-publish","format-standard","hentry","category-lettre-t"],"acf":[],"_links":{"self":[{"href":"https:\/\/www.lesmaconsdelacreuse.fr\/annuaires\/wp-json\/wp\/v2\/posts\/12732","targetHints":{"allow":["GET"]}}],"collection":[{"href":"https:\/\/www.lesmaconsdelacreuse.fr\/annuaires\/wp-json\/wp\/v2\/posts"}],"about":[{"href":"https:\/\/www.lesmaconsdelacreuse.fr\/annuaires\/wp-json\/wp\/v2\/types\/post"}],"author":[{"embeddable":true,"href":"https:\/\/www.lesmaconsdelacreuse.fr\/annuaires\/wp-json\/wp\/v2\/users\/2"}],"replies":[{"embeddable":true,"href":"https:\/\/www.lesmaconsdelacreuse.fr\/annuaires\/wp-json\/wp\/v2\/comments?post=12732"}],"version-history":[{"count":0,"href":"https:\/\/www.lesmaconsdelacreuse.fr\/annuaires\/wp-json\/wp\/v2\/posts\/12732\/revisions"}],"wp:attachment":[{"href":"https:\/\/www.lesmaconsdelacreuse.fr\/annuaires\/wp-json\/wp\/v2\/media?parent=12732"}],"wp:term":[{"taxonomy":"category","embeddable":true,"href":"https:\/\/www.lesmaconsdelacreuse.fr\/annuaires\/wp-json\/wp\/v2\/categories?post=12732"},{"taxonomy":"post_tag","embeddable":true,"href":"https:\/\/www.lesmaconsdelacreuse.fr\/annuaires\/wp-json\/wp\/v2\/tags?post=12732"}],"curies":[{"name":"wp","href":"https:\/\/api.w.org\/{rel}","templated":true}]}}