{"id":12739,"date":"2019-07-28T16:12:59","date_gmt":"2019-07-28T14:12:59","guid":{"rendered":"http:\/\/lesmaconsdelacreuse.fr\/annuaire\/?p=12739"},"modified":"2020-10-18T07:45:36","modified_gmt":"2020-10-18T05:45:36","slug":"t_30","status":"publish","type":"post","link":"https:\/\/www.lesmaconsdelacreuse.fr\/annuaires\/lettre-t\/t_30\/","title":{"rendered":"TARNAUD Fran\u00e7ois (1897-1973)"},"content":{"rendered":"<p class=\"last-updated\"><strong>Mis \u00e0 jour le :<\/strong> 30\/04\/2026<\/p><h2 style=\"text-align: center;\"><strong>Fran\u00e7ois TARNAUD<\/strong><\/h2>\n<p style=\"text-align: center;\"><strong>1897 \u2013 1973<\/strong><\/p>\n<p style=\"text-align: center;\"><img decoding=\"async\" title=\"\" src=\"https:\/\/lesmaconsdelacreuse.fr\/annuaire\/wp-content\/uploads\/2019\/07\/image1-3093.jpg\" alt=\"\" data-asset-id=\"12736\" data-source-id=\"i.0\" \/><\/p>\n<h4 style=\"text-align: center;\"><span style=\"color: #008000;\">\u25ba<a href=\"https:\/\/www.lesmaconsdelacreuse.fr\/annuaires\/wp-content\/uploads\/2020\/08\/FERMIER-M\u00c9TAYER.png\" target=\"_blank\" rel=\"noopener noreferrer\"><span style=\"color: #008000;\"><strong>fermier<\/strong><\/span><\/a>;\u00a0<a href=\"https:\/\/www.lesmaconsdelacreuse.fr\/annuaires\/wp-content\/uploads\/2020\/07\/TAILLEUR-DE-PIERRE.png\" target=\"_blank\" rel=\"noopener noreferrer\"><strong>\u25ba<\/strong> <strong><span style=\"color: #008000;\">tailleur de pierre<\/span><\/strong><\/a> et <\/span>\u25ba<span style=\"color: #008000;\"><a style=\"color: #008000;\" href=\"https:\/\/www.lesmaconsdelacreuse.fr\/annuaires\/wp-content\/uploads\/2020\/08\/CARRIER.png\" target=\"_blank\" rel=\"noopener noreferrer\"><strong><span style=\"color: #008000;\">carrier<\/span><\/strong><\/a><\/span><\/h4>\n<p>&nbsp;<\/p>\n<p style=\"text-align: center;\">n\u00e9 \u00e0 Pont-de-Noblat (Saint-L\u00e9onard de Noblat \u2013 87)<\/p>\n<p style=\"text-align: center;\">le 23 janvier 1897<\/p>\n<p style=\"text-align: center;\">fils de<\/p>\n<p style=\"text-align: center;\">Jean-Baptiste TARNAUD \/ Anne AIGUEPERSE<\/p>\n<p style=\"text-align: center;\">cultivateurs<\/p>\n<p style=\"text-align: center;\"><span style=\"color: #ffffff;\">\u25d9<\/span><\/p>\n<p><em>Fran\u00e7ois \u00e9pouse Germaine <\/em><strong>BORDERIE<\/strong><em> le 3 janvier <\/em><strong>1920<\/strong><em> \u00e0 Saint-Martin-Ch\u00e2teau (mari\u00e9s sans contrat).<\/em><\/p>\n<p><em> Ils habitent Villegouleix, Le Massoubrot, m\u00eame commune, puis La Chaise, commune de Saint-Pardoux-Lavaud. <\/em><\/p>\n<p><strong>En 1936<\/strong><em>, Fran\u00e7ois est carrier \u00e0 La Chaise\u00a0: il taille la pierre \u00e0 Beaubier, commune de Roy\u00e8re.<\/em><\/p>\n<p>Vers 1940<em>, les \u00e9poux s\u2019installent au Picq, m\u00eame commune. <\/em><\/p>\n<p><em>Dans les ann\u00e9es <\/em>1950<em>, Fran\u00e7ois <\/em><em>\u25ba<\/em><span style=\"color: #000000;\"><a style=\"color: #000000;\" href=\"https:\/\/www.lesmaconsdelacreuse.fr\/annuaires\/wp-content\/uploads\/2020\/10\/TARNAUD-en-t\u00eate-d65206C65747472652E6A7067.jpg\" target=\"_blank\" rel=\"noopener noreferrer\">s\u2019associe<\/a><\/span><em> avec <\/em><em>\u25ba <\/em><a href=\"https:\/\/www.lesmaconsdelacreuse.fr\/annuaires\/\/wp-content\/uploads\/PHOTOS_-_CARTES_POSTALES\/TARNAUD_Francois_et_son_fils_Pierre_en_1957__.jpg\" target=\"_blank\" rel=\"noopener noreferrer\"><span style=\"color: #000000;\">son fils Pierre<\/span><\/a><em>.<\/em><\/p>\n<p><em>Les \u00e9poux d\u00e9c\u00e8dent\u00a0:<\/em><\/p>\n<ul>\n<li><em>Fran\u00e7ois, au Picq, le 27 octobre <\/em>1973<em>, \u00e2g\u00e9 de 76 ans<\/em><\/li>\n<li><em>Germaine, \u00e0 Bourganeuf, le 18 avril 1995, \u00e2g\u00e9e de 95 ans<\/em><\/li>\n<\/ul>\n<p>&nbsp;<\/p>\n<p>&nbsp;<\/p>\n","protected":false},"excerpt":{"rendered":"<p>Mis \u00e0 jour le : 30\/04\/2026Fran\u00e7ois TARNAUD 1897 \u2013 1973 \u25bafermier;\u00a0\u25ba tailleur de pierre et \u25bacarrier &nbsp; n\u00e9 \u00e0 Pont-de-Noblat (Saint-L\u00e9onard de Noblat \u2013 87) le 23 janvier 1897 fils de Jean-Baptiste TARNAUD \/ Anne AIGUEPERSE cultivateurs \u25d9 Fran\u00e7ois \u00e9pouse Germaine BORDERIE le 3 janvier 1920 \u00e0 Saint-Martin-Ch\u00e2teau (mari\u00e9s sans contrat). Ils habitent Villegouleix, Le ..<\/p>\n<div class=\"clear-fix\"><\/div>\n<p><a href=\"https:\/\/www.lesmaconsdelacreuse.fr\/annuaires\/lettre-t\/t_30\/\" title=\"Lire la suite...\">Lire la suite<\/a><\/p>\n","protected":false},"author":2,"featured_media":0,"comment_status":"closed","ping_status":"closed","sticky":false,"template":"","format":"standard","meta":{"_acf_changed":false,"_exactmetrics_skip_tracking":false,"_exactmetrics_sitenote_active":false,"_exactmetrics_sitenote_note":"","_exactmetrics_sitenote_category":0,"footnotes":""},"categories":[13],"tags":[],"class_list":["post-12739","post","type-post","status-publish","format-standard","hentry","category-lettre-t"],"acf":[],"_links":{"self":[{"href":"https:\/\/www.lesmaconsdelacreuse.fr\/annuaires\/wp-json\/wp\/v2\/posts\/12739","targetHints":{"allow":["GET"]}}],"collection":[{"href":"https:\/\/www.lesmaconsdelacreuse.fr\/annuaires\/wp-json\/wp\/v2\/posts"}],"about":[{"href":"https:\/\/www.lesmaconsdelacreuse.fr\/annuaires\/wp-json\/wp\/v2\/types\/post"}],"author":[{"embeddable":true,"href":"https:\/\/www.lesmaconsdelacreuse.fr\/annuaires\/wp-json\/wp\/v2\/users\/2"}],"replies":[{"embeddable":true,"href":"https:\/\/www.lesmaconsdelacreuse.fr\/annuaires\/wp-json\/wp\/v2\/comments?post=12739"}],"version-history":[{"count":0,"href":"https:\/\/www.lesmaconsdelacreuse.fr\/annuaires\/wp-json\/wp\/v2\/posts\/12739\/revisions"}],"wp:attachment":[{"href":"https:\/\/www.lesmaconsdelacreuse.fr\/annuaires\/wp-json\/wp\/v2\/media?parent=12739"}],"wp:term":[{"taxonomy":"category","embeddable":true,"href":"https:\/\/www.lesmaconsdelacreuse.fr\/annuaires\/wp-json\/wp\/v2\/categories?post=12739"},{"taxonomy":"post_tag","embeddable":true,"href":"https:\/\/www.lesmaconsdelacreuse.fr\/annuaires\/wp-json\/wp\/v2\/tags?post=12739"}],"curies":[{"name":"wp","href":"https:\/\/api.w.org\/{rel}","templated":true}]}}