{"id":12743,"date":"2019-07-28T16:12:59","date_gmt":"2019-07-28T14:12:59","guid":{"rendered":"http:\/\/lesmaconsdelacreuse.fr\/annuaire\/?p=12743"},"modified":"2021-12-08T10:51:39","modified_gmt":"2021-12-08T09:51:39","slug":"t_9","status":"publish","type":"post","link":"https:\/\/www.lesmaconsdelacreuse.fr\/annuaires\/lettre-t\/t_9\/","title":{"rendered":"TARIOT Jean-Fran\u00e7ois Eug\u00e8ne (1880-1960)"},"content":{"rendered":"<p class=\"last-updated\"><strong>Mis \u00e0 jour le :<\/strong> 30\/04\/2026<\/p><h2 style=\"text-align: center;\"><strong>Jean-Fran\u00e7ois Eug\u00e8ne TARIOT<\/strong><\/h2>\n<p style=\"text-align: center;\"><strong>Eug\u00e8ne TARIOT<\/strong><\/p>\n<p style=\"text-align: center;\"><strong>1880 \u2013 1960<\/strong><\/p>\n<p style=\"text-align: center;\"><img decoding=\"async\" title=\"\" src=\"https:\/\/lesmaconsdelacreuse.fr\/annuaire\/wp-content\/uploads\/2019\/07\/image1-3094.jpg\" alt=\"\" data-source-id=\"i.0\" data-asset-id=\"12737\" \/><\/p>\n<h4 style=\"text-align: center;\"><span style=\"color: #008000;\"><strong>ma\u00e7on <\/strong>puis<strong> directeur de travaux de ma\u00e7onnerie<\/strong><\/span><\/h4>\n<p style=\"text-align: center;\">n\u00e9 \u00e0 Langenedi\u00e8re (Chavanat)<\/p>\n<p style=\"text-align: center;\">le 4 octobre 1880<\/p>\n<p style=\"text-align: center;\">fils de<\/p>\n<p style=\"text-align: center;\">Fran\u00e7ois Jules TARIOT,<span style=\"color: #008000;\"> <strong>ma\u00e7on<\/strong><\/span><\/p>\n<p style=\"text-align: center;\">L\u00e9onarde Marie Eug\u00e9nie SERVIAT<\/p>\n<p style=\"text-align: center;\"><span style=\"color: #ffffff;\">\u25d9<\/span><\/p>\n<p><em>Eug\u00e8ne, <\/em><span style=\"color: #008000;\"><strong>ma\u00e7on<\/strong><\/span><em>, \u00e9pouse Marie Ang\u00e8le <\/em><strong>LECLERC <\/strong><em>le 4 mars <\/em><strong>1905<\/strong><em> au Monteil-au-Vicomte (contrat Toumieux \u00e0 Roy\u00e8re). Ils habitent d\u2019abord le bourg du Monteil. <\/em><\/p>\n<p><strong>En 1909<\/strong><em>, ils sont tous deux \u00e0<\/em> <strong><span style=\"color: #ff6600;\">Molenbeek-Saint-Jean (BELGIQUE)<\/span>\u00a0<\/strong><em>;<\/em><\/p>\n<p><strong>en 1920<\/strong><em>, \u00e0 <\/em><span style=\"color: #0000ff;\"><strong>Maisons-Laffitte (78)<\/strong><\/span><em>, 74, rue du Gros Murger.<\/em><\/p>\n<p><strong>A partir de 1928<\/strong><em>, Jean-Fran\u00e7ois est <\/em><span style=\"color: #008000;\"><strong>directeur de travaux<\/strong><\/span><em>.<\/em><\/p>\n<p><strong>En 1950<\/strong>,<em> il est secr\u00e9taire de mairie au Monteil.<\/em><\/p>\n<p><em>Les \u00e9poux d\u00e9c\u00e8dent au Monteil\u00a0:<\/em><\/p>\n<ul>\n<li><em>Ang\u00e8le, le 15 juillet <\/em><strong>1950<\/strong><em>, \u00e2g\u00e9e de 65 ans<\/em><\/li>\n<li><em>Eug\u00e8ne, le 26 septembre <\/em><strong>1960<\/strong><em>, \u00e2g\u00e9 de 79 ans<\/em><\/li>\n<\/ul>\n","protected":false},"excerpt":{"rendered":"<p>Mis \u00e0 jour le : 30\/04\/2026Jean-Fran\u00e7ois Eug\u00e8ne TARIOT Eug\u00e8ne TARIOT 1880 \u2013 1960 ma\u00e7on puis directeur de travaux de ma\u00e7onnerie n\u00e9 \u00e0 Langenedi\u00e8re (Chavanat) le 4 octobre 1880 fils de Fran\u00e7ois Jules TARIOT, ma\u00e7on L\u00e9onarde Marie Eug\u00e9nie SERVIAT \u25d9 Eug\u00e8ne, ma\u00e7on, \u00e9pouse Marie Ang\u00e8le LECLERC le 4 mars 1905 au Monteil-au-Vicomte (contrat Toumieux \u00e0 Roy\u00e8re). ..<\/p>\n<div class=\"clear-fix\"><\/div>\n<p><a href=\"https:\/\/www.lesmaconsdelacreuse.fr\/annuaires\/lettre-t\/t_9\/\" title=\"Lire la suite...\">Lire la suite<\/a><\/p>\n","protected":false},"author":2,"featured_media":0,"comment_status":"closed","ping_status":"closed","sticky":false,"template":"","format":"standard","meta":{"_acf_changed":false,"_exactmetrics_skip_tracking":false,"_exactmetrics_sitenote_active":false,"_exactmetrics_sitenote_note":"","_exactmetrics_sitenote_category":0,"footnotes":""},"categories":[13],"tags":[],"class_list":["post-12743","post","type-post","status-publish","format-standard","hentry","category-lettre-t"],"acf":[],"_links":{"self":[{"href":"https:\/\/www.lesmaconsdelacreuse.fr\/annuaires\/wp-json\/wp\/v2\/posts\/12743","targetHints":{"allow":["GET"]}}],"collection":[{"href":"https:\/\/www.lesmaconsdelacreuse.fr\/annuaires\/wp-json\/wp\/v2\/posts"}],"about":[{"href":"https:\/\/www.lesmaconsdelacreuse.fr\/annuaires\/wp-json\/wp\/v2\/types\/post"}],"author":[{"embeddable":true,"href":"https:\/\/www.lesmaconsdelacreuse.fr\/annuaires\/wp-json\/wp\/v2\/users\/2"}],"replies":[{"embeddable":true,"href":"https:\/\/www.lesmaconsdelacreuse.fr\/annuaires\/wp-json\/wp\/v2\/comments?post=12743"}],"version-history":[{"count":2,"href":"https:\/\/www.lesmaconsdelacreuse.fr\/annuaires\/wp-json\/wp\/v2\/posts\/12743\/revisions"}],"predecessor-version":[{"id":192990,"href":"https:\/\/www.lesmaconsdelacreuse.fr\/annuaires\/wp-json\/wp\/v2\/posts\/12743\/revisions\/192990"}],"wp:attachment":[{"href":"https:\/\/www.lesmaconsdelacreuse.fr\/annuaires\/wp-json\/wp\/v2\/media?parent=12743"}],"wp:term":[{"taxonomy":"category","embeddable":true,"href":"https:\/\/www.lesmaconsdelacreuse.fr\/annuaires\/wp-json\/wp\/v2\/categories?post=12743"},{"taxonomy":"post_tag","embeddable":true,"href":"https:\/\/www.lesmaconsdelacreuse.fr\/annuaires\/wp-json\/wp\/v2\/tags?post=12743"}],"curies":[{"name":"wp","href":"https:\/\/api.w.org\/{rel}","templated":true}]}}