{"id":12744,"date":"2019-07-28T16:12:58","date_gmt":"2019-07-28T14:12:58","guid":{"rendered":"http:\/\/lesmaconsdelacreuse.fr\/annuaire\/?p=12744"},"modified":"2022-05-01T20:07:50","modified_gmt":"2022-05-01T18:07:50","slug":"t_42","status":"publish","type":"post","link":"https:\/\/www.lesmaconsdelacreuse.fr\/annuaires\/lettre-t\/t_42\/","title":{"rendered":"TERRACOL Antoine (1851-apr\u00e8s 1884)"},"content":{"rendered":"<p class=\"last-updated\"><strong>Mis \u00e0 jour le :<\/strong> 30\/04\/2026<\/p><h2 style=\"text-align: center;\"><strong>Antoine TERRACOL<\/strong><\/h2>\n<p style=\"text-align: center;\"><strong>Antoine TARRAQUOIS<\/strong><\/p>\n<p style=\"text-align: center;\"><strong>1851 \u2013 apr\u00e8s 1884<\/strong><\/p>\n<p style=\"text-align: center;\"><img decoding=\"async\" title=\"\" src=\"https:\/\/lesmaconsdelacreuse.fr\/annuaire\/wp-content\/uploads\/2019\/07\/image2-6.png\" alt=\"\" data-source-id=\"i.0\" data-asset-id=\"12735\" \/><\/p>\n<h4 style=\"text-align: center;\"><span style=\"color: #008000;\"><strong>ma\u00e7on <\/strong>et<strong> <a href=\"https:\/\/www.lesmaconsdelacreuse.fr\/annuaires\/wp-content\/uploads\/2020\/07\/TAILLEUR-DE-PIERRE.png\">\u25ba <span style=\"color: #008000;\">tailleur de pierre<\/span><\/a><br \/>\n<\/strong><\/span><\/h4>\n<p>&nbsp;<\/p>\n<p style=\"text-align: center;\">n\u00e9 \u00e0 Chaumeil (19)\u00a0?<\/p>\n<p style=\"text-align: center;\">fils de<\/p>\n<p style=\"text-align: center;\">G\u00e9rald TERRACOL \/ Marie S\u00c9GUREL<\/p>\n<p style=\"text-align: center;\">cultivateurs<\/p>\n<p style=\"text-align: center;\"><span style=\"color: #ffffff;\">\u25d9<\/span><\/p>\n<p><strong>En 1866<\/strong><em>, Antoine habite Le Chassagnoux, commune de Saint-Martin-Ch\u00e2teau, avec ses parents.<\/em><\/p>\n<p><strong>En 1872<\/strong><em>, il est recens\u00e9 au Picq, commune de Roy\u00e8re.<\/em><\/p>\n<p><strong>\u00a0En 1874<\/strong><em>, il habite Basse, commune de <\/em><strong><span style=\"color: #0000ff;\">Saint-Genis-d\u2019Hiersac<\/span> <span style=\"color: #0000ff;\">(16)<\/span><\/strong><em>.<\/em><\/p>\n<p><em>\u00a0<\/em><em>Le 31 octobre de la m\u00eame ann\u00e9e, il y \u00e9pouse Marie <\/em><strong>FENIOUX<\/strong><em>, veuve de Pierre \u00c9lie.<\/em><\/p>\n<p>&nbsp;<\/p>\n","protected":false},"excerpt":{"rendered":"<p>Mis \u00e0 jour le : 30\/04\/2026Antoine TERRACOL Antoine TARRAQUOIS 1851 \u2013 apr\u00e8s 1884 ma\u00e7on et \u25ba tailleur de pierre &nbsp; n\u00e9 \u00e0 Chaumeil (19)\u00a0? fils de G\u00e9rald TERRACOL \/ Marie S\u00c9GUREL cultivateurs \u25d9 En 1866, Antoine habite Le Chassagnoux, commune de Saint-Martin-Ch\u00e2teau, avec ses parents. En 1872, il est recens\u00e9 au Picq, commune de Roy\u00e8re. ..<\/p>\n<div class=\"clear-fix\"><\/div>\n<p><a href=\"https:\/\/www.lesmaconsdelacreuse.fr\/annuaires\/lettre-t\/t_42\/\" title=\"Lire la suite...\">Lire la suite<\/a><\/p>\n","protected":false},"author":2,"featured_media":0,"comment_status":"closed","ping_status":"closed","sticky":false,"template":"","format":"standard","meta":{"_acf_changed":false,"_exactmetrics_skip_tracking":false,"_exactmetrics_sitenote_active":false,"_exactmetrics_sitenote_note":"","_exactmetrics_sitenote_category":0,"footnotes":""},"categories":[13],"tags":[],"class_list":["post-12744","post","type-post","status-publish","format-standard","hentry","category-lettre-t"],"acf":[],"_links":{"self":[{"href":"https:\/\/www.lesmaconsdelacreuse.fr\/annuaires\/wp-json\/wp\/v2\/posts\/12744","targetHints":{"allow":["GET"]}}],"collection":[{"href":"https:\/\/www.lesmaconsdelacreuse.fr\/annuaires\/wp-json\/wp\/v2\/posts"}],"about":[{"href":"https:\/\/www.lesmaconsdelacreuse.fr\/annuaires\/wp-json\/wp\/v2\/types\/post"}],"author":[{"embeddable":true,"href":"https:\/\/www.lesmaconsdelacreuse.fr\/annuaires\/wp-json\/wp\/v2\/users\/2"}],"replies":[{"embeddable":true,"href":"https:\/\/www.lesmaconsdelacreuse.fr\/annuaires\/wp-json\/wp\/v2\/comments?post=12744"}],"version-history":[{"count":2,"href":"https:\/\/www.lesmaconsdelacreuse.fr\/annuaires\/wp-json\/wp\/v2\/posts\/12744\/revisions"}],"predecessor-version":[{"id":198557,"href":"https:\/\/www.lesmaconsdelacreuse.fr\/annuaires\/wp-json\/wp\/v2\/posts\/12744\/revisions\/198557"}],"wp:attachment":[{"href":"https:\/\/www.lesmaconsdelacreuse.fr\/annuaires\/wp-json\/wp\/v2\/media?parent=12744"}],"wp:term":[{"taxonomy":"category","embeddable":true,"href":"https:\/\/www.lesmaconsdelacreuse.fr\/annuaires\/wp-json\/wp\/v2\/categories?post=12744"},{"taxonomy":"post_tag","embeddable":true,"href":"https:\/\/www.lesmaconsdelacreuse.fr\/annuaires\/wp-json\/wp\/v2\/tags?post=12744"}],"curies":[{"name":"wp","href":"https:\/\/api.w.org\/{rel}","templated":true}]}}