{"id":12749,"date":"2019-07-28T16:12:58","date_gmt":"2019-07-28T14:12:58","guid":{"rendered":"http:\/\/lesmaconsdelacreuse.fr\/annuaire\/?p=12749"},"modified":"2020-01-20T11:24:15","modified_gmt":"2020-01-20T10:24:15","slug":"t_19","status":"publish","type":"post","link":"https:\/\/www.lesmaconsdelacreuse.fr\/annuaires\/lettre-t\/t_19\/","title":{"rendered":"TERNAT Gabriel (1774-entre 1834 et 1859)"},"content":{"rendered":"<p class=\"last-updated\"><strong>Mis \u00e0 jour le :<\/strong> 30\/04\/2026<\/p><h2 style=\"text-align: center;\"><strong>Gabriel TERNAT<\/strong><\/h2>\n<p style=\"text-align: center;\"><strong>Fran\u00e7ois TERNAT<\/strong><\/p>\n<p style=\"text-align: center;\"><strong>1774 \u2013 entre 1834 et 1859<\/strong><\/p>\n<p style=\"text-align: center;\"><img decoding=\"async\" title=\"\" src=\"https:\/\/lesmaconsdelacreuse.fr\/annuaire\/wp-content\/uploads\/2019\/07\/image1-3098.jpg\" alt=\"\" data-asset-id=\"12748\" data-source-id=\"i.0\" \/><\/p>\n<h4 style=\"text-align: center;\"><span style=\"color: #008000;\"><strong>ma\u00e7on <\/strong>et<strong> cultivateur<\/strong><\/span><\/h4>\n<p style=\"text-align: center;\">n\u00e9 \u00e0 M\u00e9zounioux (Saint-Yriex-la-Montagne)<\/p>\n<p style=\"text-align: center;\">le 26 ao\u00fbt 1774<\/p>\n<p style=\"text-align: center;\">fils de<\/p>\n<p style=\"text-align: center;\">Jean TERNAT, <span style=\"color: #008000;\"><strong>ma\u00e7on <\/strong><\/span><strong>\/ <\/strong>Anne FOUCAUD<\/p>\n<p style=\"text-align: center;\"><span style=\"color: #ffffff;\">\u25d9<\/span><\/p>\n<p><em>Gabriel \u00e9pouse Marie <\/em><strong>B\u00c9NASSY<\/strong><em> le 17 f\u00e9vrier <\/em><strong>1789<\/strong><em> \u00e0 Saint-Yriex (contrat Goumy \u00e0 Valli\u00e8re). Ils habitent Rubeyne, commune de Roy\u00e8re.<\/em><\/p>\n<p><em>Marie y d\u00e9c\u00e8de le 25 juin <\/em><strong>1826<\/strong><em>, \u00e2g\u00e9e de 56 ans. <\/em><\/p>\n<p><em>Gabriel se remarie le 23 f\u00e9vrier <\/em><strong>1827<\/strong><em> \u00e0 Roy\u00e8re avec Catherine <\/em><strong>LENOIR<\/strong><em>, cabareti\u00e8re (contrat Coutisson). <\/em><\/p>\n<p><em>Catherine d\u00e9c\u00e8de veuve, au bourg de Roy\u00e8re, le 15 juillet <\/em><strong>1859<\/strong><em>, \u00e2g\u00e9e de 74 ans.<\/em><\/p>\n","protected":false},"excerpt":{"rendered":"<p>Mis \u00e0 jour le : 30\/04\/2026Gabriel TERNAT Fran\u00e7ois TERNAT 1774 \u2013 entre 1834 et 1859 ma\u00e7on et cultivateur n\u00e9 \u00e0 M\u00e9zounioux (Saint-Yriex-la-Montagne) le 26 ao\u00fbt 1774 fils de Jean TERNAT, ma\u00e7on \/ Anne FOUCAUD \u25d9 Gabriel \u00e9pouse Marie B\u00c9NASSY le 17 f\u00e9vrier 1789 \u00e0 Saint-Yriex (contrat Goumy \u00e0 Valli\u00e8re). Ils habitent Rubeyne, commune de Roy\u00e8re. ..<\/p>\n<div class=\"clear-fix\"><\/div>\n<p><a href=\"https:\/\/www.lesmaconsdelacreuse.fr\/annuaires\/lettre-t\/t_19\/\" title=\"Lire la suite...\">Lire la suite<\/a><\/p>\n","protected":false},"author":2,"featured_media":0,"comment_status":"closed","ping_status":"closed","sticky":false,"template":"","format":"standard","meta":{"_acf_changed":false,"_exactmetrics_skip_tracking":false,"_exactmetrics_sitenote_active":false,"_exactmetrics_sitenote_note":"","_exactmetrics_sitenote_category":0,"footnotes":""},"categories":[13],"tags":[],"class_list":["post-12749","post","type-post","status-publish","format-standard","hentry","category-lettre-t"],"acf":[],"_links":{"self":[{"href":"https:\/\/www.lesmaconsdelacreuse.fr\/annuaires\/wp-json\/wp\/v2\/posts\/12749","targetHints":{"allow":["GET"]}}],"collection":[{"href":"https:\/\/www.lesmaconsdelacreuse.fr\/annuaires\/wp-json\/wp\/v2\/posts"}],"about":[{"href":"https:\/\/www.lesmaconsdelacreuse.fr\/annuaires\/wp-json\/wp\/v2\/types\/post"}],"author":[{"embeddable":true,"href":"https:\/\/www.lesmaconsdelacreuse.fr\/annuaires\/wp-json\/wp\/v2\/users\/2"}],"replies":[{"embeddable":true,"href":"https:\/\/www.lesmaconsdelacreuse.fr\/annuaires\/wp-json\/wp\/v2\/comments?post=12749"}],"version-history":[{"count":0,"href":"https:\/\/www.lesmaconsdelacreuse.fr\/annuaires\/wp-json\/wp\/v2\/posts\/12749\/revisions"}],"wp:attachment":[{"href":"https:\/\/www.lesmaconsdelacreuse.fr\/annuaires\/wp-json\/wp\/v2\/media?parent=12749"}],"wp:term":[{"taxonomy":"category","embeddable":true,"href":"https:\/\/www.lesmaconsdelacreuse.fr\/annuaires\/wp-json\/wp\/v2\/categories?post=12749"},{"taxonomy":"post_tag","embeddable":true,"href":"https:\/\/www.lesmaconsdelacreuse.fr\/annuaires\/wp-json\/wp\/v2\/tags?post=12749"}],"curies":[{"name":"wp","href":"https:\/\/api.w.org\/{rel}","templated":true}]}}