{"id":12767,"date":"2019-07-28T16:12:57","date_gmt":"2019-07-28T14:12:57","guid":{"rendered":"http:\/\/lesmaconsdelacreuse.fr\/annuaire\/?p=12767"},"modified":"2020-01-20T11:24:16","modified_gmt":"2020-01-20T10:24:16","slug":"t_5","status":"publish","type":"post","link":"https:\/\/www.lesmaconsdelacreuse.fr\/annuaires\/lettre-t\/t_5\/","title":{"rendered":"TARDIVELLE Fran\u00e7ois Auguste (1870-apr\u00e8s 1916)"},"content":{"rendered":"<p class=\"last-updated\"><strong>Mis \u00e0 jour le :<\/strong> 30\/04\/2026<\/p><h2 style=\"text-align: center;\"><strong>Fran\u00e7ois Auguste TARDIVELLE<\/strong><\/h2>\n<p style=\"text-align: center;\"><strong>1870 \u2013 apr\u00e8s 1916<\/strong><\/p>\n<p style=\"text-align: center;\"><img loading=\"lazy\" decoding=\"async\" class=\"\" title=\"\" src=\"https:\/\/lesmaconsdelacreuse.fr\/annuaire\/wp-content\/uploads\/2019\/07\/image1-3104.jpg\" alt=\"\" width=\"270\" height=\"79\" data-source-id=\"i.0\" data-asset-id=\"12764\" \/><\/p>\n<h4 style=\"text-align: center;\"><span style=\"color: #008000;\"><strong>ma\u00e7on<\/strong><\/span><\/h4>\n<p style=\"text-align: center;\">n\u00e9 \u00e0 Champredon (Saint-Pierre-le-Bost)<\/p>\n<p style=\"text-align: center;\">le 27 ao\u00fbt 1870<\/p>\n<p style=\"text-align: center;\">fils naturel de<\/p>\n<p style=\"text-align: center;\">Henriette TARDIVELLE, cultivatrice<\/p>\n<p style=\"text-align: center;\"><span style=\"color: #ffffff;\">\u25d9<\/span><\/p>\n<p><strong>En 1891<\/strong>,<em> Fran\u00e7ois travaille dans le <\/em><span style=\"color: #0000ff;\"><strong>Rh\u00f4ne (69)<\/strong><\/span><em>, et y passe le conseil de r\u00e9vision.<\/em><\/p>\n<p><strong>En 1894<\/strong><em>, il est \u00e0 Vidaillat.<\/em><\/p>\n<p><strong>En 1895<\/strong><em>, il habite <\/em><span style=\"color: #0000ff;\"><strong>Paris (75)<\/strong><\/span><em>, 5, rue des \u00c9couffes.<\/em><\/p>\n<p><em> Il \u00e9pouse Marguerite <\/em><strong>BELAIZON<\/strong><em> le 1er f\u00e9vrier <\/em><strong>1896<\/strong><em> Saint-Pierre-le-Bost. Ils habitent le village de Planchat. <\/em><\/p>\n<p><strong>En 1897<\/strong><em>, Fran\u00e7ois est \u00e0 Paris, 12, rue des Jardins-Saint-Paul\u00a0;<\/em><\/p>\n<p><strong>en 1899<\/strong><em>, 25, rue de Plaisance\u00a0;<\/em><\/p>\n<p><strong>en 1901<\/strong><em>, rue Pernety dans le 14e\u00a0arrondissement\u00a0;<\/em><\/p>\n<p><strong>en 1904<\/strong><em>, 127, rue de l\u2019Ouest aussi dans le 14e. <\/em><\/p>\n","protected":false},"excerpt":{"rendered":"<p>Mis \u00e0 jour le : 30\/04\/2026Fran\u00e7ois Auguste TARDIVELLE 1870 \u2013 apr\u00e8s 1916 ma\u00e7on n\u00e9 \u00e0 Champredon (Saint-Pierre-le-Bost) le 27 ao\u00fbt 1870 fils naturel de Henriette TARDIVELLE, cultivatrice \u25d9 En 1891, Fran\u00e7ois travaille dans le Rh\u00f4ne (69), et y passe le conseil de r\u00e9vision. En 1894, il est \u00e0 Vidaillat. En 1895, il habite Paris (75), ..<\/p>\n<div class=\"clear-fix\"><\/div>\n<p><a href=\"https:\/\/www.lesmaconsdelacreuse.fr\/annuaires\/lettre-t\/t_5\/\" title=\"Lire la suite...\">Lire la suite<\/a><\/p>\n","protected":false},"author":2,"featured_media":0,"comment_status":"closed","ping_status":"closed","sticky":false,"template":"","format":"standard","meta":{"_acf_changed":false,"_exactmetrics_skip_tracking":false,"_exactmetrics_sitenote_active":false,"_exactmetrics_sitenote_note":"","_exactmetrics_sitenote_category":0,"footnotes":""},"categories":[13],"tags":[],"class_list":["post-12767","post","type-post","status-publish","format-standard","hentry","category-lettre-t"],"acf":[],"_links":{"self":[{"href":"https:\/\/www.lesmaconsdelacreuse.fr\/annuaires\/wp-json\/wp\/v2\/posts\/12767","targetHints":{"allow":["GET"]}}],"collection":[{"href":"https:\/\/www.lesmaconsdelacreuse.fr\/annuaires\/wp-json\/wp\/v2\/posts"}],"about":[{"href":"https:\/\/www.lesmaconsdelacreuse.fr\/annuaires\/wp-json\/wp\/v2\/types\/post"}],"author":[{"embeddable":true,"href":"https:\/\/www.lesmaconsdelacreuse.fr\/annuaires\/wp-json\/wp\/v2\/users\/2"}],"replies":[{"embeddable":true,"href":"https:\/\/www.lesmaconsdelacreuse.fr\/annuaires\/wp-json\/wp\/v2\/comments?post=12767"}],"version-history":[{"count":0,"href":"https:\/\/www.lesmaconsdelacreuse.fr\/annuaires\/wp-json\/wp\/v2\/posts\/12767\/revisions"}],"wp:attachment":[{"href":"https:\/\/www.lesmaconsdelacreuse.fr\/annuaires\/wp-json\/wp\/v2\/media?parent=12767"}],"wp:term":[{"taxonomy":"category","embeddable":true,"href":"https:\/\/www.lesmaconsdelacreuse.fr\/annuaires\/wp-json\/wp\/v2\/categories?post=12767"},{"taxonomy":"post_tag","embeddable":true,"href":"https:\/\/www.lesmaconsdelacreuse.fr\/annuaires\/wp-json\/wp\/v2\/tags?post=12767"}],"curies":[{"name":"wp","href":"https:\/\/api.w.org\/{rel}","templated":true}]}}