{"id":13520,"date":"2019-07-28T17:12:45","date_gmt":"2019-07-28T15:12:45","guid":{"rendered":"http:\/\/lesmaconsdelacreuse.fr\/annuaire\/?p=13520"},"modified":"2020-09-04T10:43:25","modified_gmt":"2020-09-04T08:43:25","slug":"j_431","status":"publish","type":"post","link":"https:\/\/www.lesmaconsdelacreuse.fr\/annuaires\/lettre-j\/j_431\/","title":{"rendered":"GENSANETAS Jean (1825-1882)"},"content":{"rendered":"<p class=\"last-updated\"><strong>Mis \u00e0 jour le :<\/strong> 25\/04\/2026<\/p><h2 style=\"text-align: center;\"><strong>Jean GENSANETAS<\/strong><\/h2>\n<p style=\"text-align: center;\"><strong>1825 \u2013 1882<\/strong><\/p>\n<p style=\"text-align: center;\"><a href=\"https:\/\/www.lesmaconsdelacreuse.fr\/annuaires\/wp-content\/uploads\/2019\/07\/gensanetas.jpg\"><img loading=\"lazy\" decoding=\"async\" class=\"alignnone size-medium wp-image-178081\" src=\"https:\/\/www.lesmaconsdelacreuse.fr\/annuaires\/wp-content\/uploads\/2019\/07\/gensanetas-300x89.jpg\" alt=\"\" width=\"300\" height=\"89\" srcset=\"https:\/\/www.lesmaconsdelacreuse.fr\/annuaires\/wp-content\/uploads\/2019\/07\/gensanetas-300x89.jpg 300w, https:\/\/www.lesmaconsdelacreuse.fr\/annuaires\/wp-content\/uploads\/2019\/07\/gensanetas-150x45.jpg 150w, https:\/\/www.lesmaconsdelacreuse.fr\/annuaires\/wp-content\/uploads\/2019\/07\/gensanetas.jpg 529w\" sizes=\"auto, (max-width: 300px) 100vw, 300px\" \/><\/a><\/p>\n<p>&nbsp;<\/p>\n<h4 style=\"text-align: center;\"><strong>\u25ba<\/strong><strong><a href=\"https:\/\/www.lesmaconsdelacreuse.fr\/annuaires\/wp-content\/uploads\/2020\/07\/MA\u00ceTRE-MA\u00c7ON.png\" target=\"_blank\" rel=\"noopener noreferrer\">ma\u00eetre ma\u00e7on<\/a><\/strong><span style=\"color: #008000;\"><em>, <\/em><em>\u25ba<\/em><strong><a style=\"color: #008000;\" href=\"https:\/\/www.lesmaconsdelacreuse.fr\/annuaires\/wp-content\/uploads\/2020\/08\/CHEF-DATELIER-CHEF-DE-CHANTIER.png\" target=\"_blank\" rel=\"noopener noreferrer\">chef d\u2019atelier <\/a><\/strong><\/span><\/h4>\n<h4 style=\"text-align: center;\"><span style=\"color: #008000;\"><strong>\u00a0<\/strong><\/span><\/h4>\n<p style=\"text-align: center;\">n\u00e9 \u00e0 Jeansanetas (Roy\u00e8re)<\/p>\n<p style=\"text-align: center;\">le 24 novembre 1825<\/p>\n<p style=\"text-align: center;\">fils de<\/p>\n<p style=\"text-align: center;\">Jean GENSANETAS, <span style=\"color: #008000;\"><strong>ma\u00e7on <\/strong><\/span>\/ Marguerite DURAT<\/p>\n<p style=\"text-align: center;\">propri\u00e9taires cultivateurs<\/p>\n<p style=\"text-align: center;\"><span style=\"color: #ffffff;\">\u25d9<\/span><\/p>\n<p><em>Jean \u00e9pouse Catherine <\/em><strong>BELLARBRE<\/strong><em> le 18 f\u00e9vrier <\/em><strong>1855<\/strong><em> \u00e0 Roy\u00e8re (contrat Faure \u00e0 Saint-Martin-Ch\u00e2teau)\u00a0; il ne sait pas encore signer. Ils habitent d\u2019abord Jeansanetas. <\/em><\/p>\n<p><strong>En 1867<\/strong><em>, ils sont \u00e0 <\/em><span style=\"color: #0000ff;\"><strong>Caluire (69)<\/strong><\/span><em>, 16, mont\u00e9e de l\u2019\u00c9glise\u00a0;<\/em><\/p>\n<p><strong>en 1876<\/strong>,<em> 24, rue de Cuire, avec 1 enfant.<\/em><\/p>\n<p><em>Ils d\u00e9c\u00e8dent\u00a0:<\/em><\/p>\n<ul>\n<li><em>Jean, \u00e0 <\/em><span style=\"color: #0000ff;\"><strong>Saint-Rambert (69)<\/strong><\/span><em>, le 3 mai <\/em><strong>1882<\/strong><em>, \u00e2g\u00e9 de 56 ans, pendu dans la grange de la veuve Roulet, chemin de Collonges<\/em><\/li>\n<li><em>Catherine, en son domicile de Caluire, le 2 ao\u00fbt de la m\u00eame ann\u00e9e, \u00e2g\u00e9e de 48 ans<\/em><\/li>\n<\/ul>\n<p>&nbsp;<\/p>\n","protected":false},"excerpt":{"rendered":"<p>Mis \u00e0 jour le : 25\/04\/2026Jean GENSANETAS 1825 \u2013 1882 &nbsp; \u25bama\u00eetre ma\u00e7on, \u25bachef d\u2019atelier \u00a0 n\u00e9 \u00e0 Jeansanetas (Roy\u00e8re) le 24 novembre 1825 fils de Jean GENSANETAS, ma\u00e7on \/ Marguerite DURAT propri\u00e9taires cultivateurs \u25d9 Jean \u00e9pouse Catherine BELLARBRE le 18 f\u00e9vrier 1855 \u00e0 Roy\u00e8re (contrat Faure \u00e0 Saint-Martin-Ch\u00e2teau)\u00a0; il ne sait pas encore signer. ..<\/p>\n<div class=\"clear-fix\"><\/div>\n<p><a href=\"https:\/\/www.lesmaconsdelacreuse.fr\/annuaires\/lettre-j\/j_431\/\" title=\"Lire la suite...\">Lire la suite<\/a><\/p>\n","protected":false},"author":2,"featured_media":0,"comment_status":"closed","ping_status":"closed","sticky":false,"template":"","format":"standard","meta":{"_acf_changed":false,"_exactmetrics_skip_tracking":false,"_exactmetrics_sitenote_active":false,"_exactmetrics_sitenote_note":"","_exactmetrics_sitenote_category":0,"footnotes":""},"categories":[16,15],"tags":[],"class_list":["post-13520","post","type-post","status-publish","format-standard","hentry","category-lettre-g","category-lettre-j"],"acf":[],"_links":{"self":[{"href":"https:\/\/www.lesmaconsdelacreuse.fr\/annuaires\/wp-json\/wp\/v2\/posts\/13520","targetHints":{"allow":["GET"]}}],"collection":[{"href":"https:\/\/www.lesmaconsdelacreuse.fr\/annuaires\/wp-json\/wp\/v2\/posts"}],"about":[{"href":"https:\/\/www.lesmaconsdelacreuse.fr\/annuaires\/wp-json\/wp\/v2\/types\/post"}],"author":[{"embeddable":true,"href":"https:\/\/www.lesmaconsdelacreuse.fr\/annuaires\/wp-json\/wp\/v2\/users\/2"}],"replies":[{"embeddable":true,"href":"https:\/\/www.lesmaconsdelacreuse.fr\/annuaires\/wp-json\/wp\/v2\/comments?post=13520"}],"version-history":[{"count":0,"href":"https:\/\/www.lesmaconsdelacreuse.fr\/annuaires\/wp-json\/wp\/v2\/posts\/13520\/revisions"}],"wp:attachment":[{"href":"https:\/\/www.lesmaconsdelacreuse.fr\/annuaires\/wp-json\/wp\/v2\/media?parent=13520"}],"wp:term":[{"taxonomy":"category","embeddable":true,"href":"https:\/\/www.lesmaconsdelacreuse.fr\/annuaires\/wp-json\/wp\/v2\/categories?post=13520"},{"taxonomy":"post_tag","embeddable":true,"href":"https:\/\/www.lesmaconsdelacreuse.fr\/annuaires\/wp-json\/wp\/v2\/tags?post=13520"}],"curies":[{"name":"wp","href":"https:\/\/api.w.org\/{rel}","templated":true}]}}