{"id":13542,"date":"2019-07-28T17:12:44","date_gmt":"2019-07-28T15:12:44","guid":{"rendered":"http:\/\/lesmaconsdelacreuse.fr\/annuaire\/?p=13542"},"modified":"2020-01-20T11:22:17","modified_gmt":"2020-01-20T10:22:17","slug":"j_449","status":"publish","type":"post","link":"https:\/\/www.lesmaconsdelacreuse.fr\/annuaires\/lettre-j\/j_449\/","title":{"rendered":"GEOFFRE \u00c9tienne Lucien (1891-1963)"},"content":{"rendered":"<p class=\"last-updated\"><strong>Mis \u00e0 jour le :<\/strong> 25\/04\/2026<\/p><h2 style=\"text-align: center;\"><strong>\u00c9tienne Lucien GEOFFRE<\/strong><\/h2>\n<p style=\"text-align: center;\"><strong>1891\u2013 1963<\/strong><\/p>\n<p style=\"text-align: center;\"><img decoding=\"async\" title=\"\" src=\"https:\/\/lesmaconsdelacreuse.fr\/annuaire\/wp-content\/uploads\/2019\/07\/image1-200.png\" alt=\"\" data-asset-id=\"13539\" data-source-id=\"i.0\" \/><\/p>\n<h4 style=\"text-align: center;\"><span style=\"color: #008000;\"><strong>ma\u00e7on <\/strong>et<strong> cultivateur<\/strong><\/span><\/h4>\n<p style=\"text-align: center;\">n\u00e9 \u00e0 Reims (51)<\/p>\n<p style=\"text-align: center;\">le 27 mars 1891<\/p>\n<p style=\"text-align: center;\">fils de<\/p>\n<p style=\"text-align: center;\">L\u00e9onard GEOFFRE,<span style=\"color: #008000;\"><strong> ma\u00e7on<\/strong><\/span><\/p>\n<p style=\"text-align: center;\">Augustine Madeleine P\u00c9NICAUT<\/p>\n<p style=\"text-align: center;\">cultivateurs<\/p>\n<p style=\"text-align: center;\"><span style=\"color: #ffffff;\">\u25d9<\/span><\/p>\n<p><strong>En 1920<\/strong><em>, \u00c9tienne habite Le Masguillard, commune de Bourganeuf, avec ses parents.<\/em><\/p>\n<p><em>Il \u00e9pouse Virginie <\/em><strong>P\u00c9CHALAT<\/strong><em> le 17 janvier de la m\u00eame ann\u00e9e \u00e0 Saint-Martin-Ch\u00e2teau (mari\u00e9s sans contrat).<\/em><\/p>\n<p><strong>En 1921<\/strong><em>, ils habitent Brudieux, m\u00eame commune.<\/em><\/p>\n<p><strong>En 1931<\/strong><em>, \u00c9tienne travaille \u00e0 <\/em><span style=\"color: #0000ff;\"><strong>Lyon (69)<\/strong><\/span><em>, et les \u00e9poux logent 131, rue Cuvier.<\/em><\/p>\n<p><em> Ils divorcent <\/em><strong>en 1950<\/strong><em>.<\/em><\/p>\n<p><em> \u00c9tienne d\u00e9c\u00e8de \u00e0 Bourganeuf le 29 novembre <\/em><strong>1963<\/strong><em>, \u00e2g\u00e9 de 72 ans.<\/em><\/p>\n","protected":false},"excerpt":{"rendered":"<p>Mis \u00e0 jour le : 25\/04\/2026\u00c9tienne Lucien GEOFFRE 1891\u2013 1963 ma\u00e7on et cultivateur n\u00e9 \u00e0 Reims (51) le 27 mars 1891 fils de L\u00e9onard GEOFFRE, ma\u00e7on Augustine Madeleine P\u00c9NICAUT cultivateurs \u25d9 En 1920, \u00c9tienne habite Le Masguillard, commune de Bourganeuf, avec ses parents. Il \u00e9pouse Virginie P\u00c9CHALAT le 17 janvier de la m\u00eame ann\u00e9e \u00e0 ..<\/p>\n<div class=\"clear-fix\"><\/div>\n<p><a href=\"https:\/\/www.lesmaconsdelacreuse.fr\/annuaires\/lettre-j\/j_449\/\" title=\"Lire la suite...\">Lire la suite<\/a><\/p>\n","protected":false},"author":2,"featured_media":0,"comment_status":"closed","ping_status":"closed","sticky":false,"template":"","format":"standard","meta":{"_acf_changed":false,"_exactmetrics_skip_tracking":false,"_exactmetrics_sitenote_active":false,"_exactmetrics_sitenote_note":"","_exactmetrics_sitenote_category":0,"footnotes":""},"categories":[16,15],"tags":[],"class_list":["post-13542","post","type-post","status-publish","format-standard","hentry","category-lettre-g","category-lettre-j"],"acf":[],"_links":{"self":[{"href":"https:\/\/www.lesmaconsdelacreuse.fr\/annuaires\/wp-json\/wp\/v2\/posts\/13542","targetHints":{"allow":["GET"]}}],"collection":[{"href":"https:\/\/www.lesmaconsdelacreuse.fr\/annuaires\/wp-json\/wp\/v2\/posts"}],"about":[{"href":"https:\/\/www.lesmaconsdelacreuse.fr\/annuaires\/wp-json\/wp\/v2\/types\/post"}],"author":[{"embeddable":true,"href":"https:\/\/www.lesmaconsdelacreuse.fr\/annuaires\/wp-json\/wp\/v2\/users\/2"}],"replies":[{"embeddable":true,"href":"https:\/\/www.lesmaconsdelacreuse.fr\/annuaires\/wp-json\/wp\/v2\/comments?post=13542"}],"version-history":[{"count":0,"href":"https:\/\/www.lesmaconsdelacreuse.fr\/annuaires\/wp-json\/wp\/v2\/posts\/13542\/revisions"}],"wp:attachment":[{"href":"https:\/\/www.lesmaconsdelacreuse.fr\/annuaires\/wp-json\/wp\/v2\/media?parent=13542"}],"wp:term":[{"taxonomy":"category","embeddable":true,"href":"https:\/\/www.lesmaconsdelacreuse.fr\/annuaires\/wp-json\/wp\/v2\/categories?post=13542"},{"taxonomy":"post_tag","embeddable":true,"href":"https:\/\/www.lesmaconsdelacreuse.fr\/annuaires\/wp-json\/wp\/v2\/tags?post=13542"}],"curies":[{"name":"wp","href":"https:\/\/api.w.org\/{rel}","templated":true}]}}