{"id":15755,"date":"2019-07-28T17:39:42","date_gmt":"2019-07-28T15:39:42","guid":{"rendered":"http:\/\/lesmaconsdelacreuse.fr\/annuaire\/?p=15755"},"modified":"2020-01-20T11:17:58","modified_gmt":"2020-01-20T10:17:58","slug":"g_76","status":"publish","type":"post","link":"https:\/\/www.lesmaconsdelacreuse.fr\/annuaires\/lettre-g\/g_76\/","title":{"rendered":"GARAND Jean (d\u00e9c\u00e9d\u00e9 entre 1756 et 1872)"},"content":{"rendered":"<p class=\"last-updated\"><strong>Mis \u00e0 jour le :<\/strong> 25\/04\/2026<\/p><h2 style=\"text-align: center;\"><strong>Jean GARAND<\/strong><\/h2>\n<p style=\"text-align: center;\"><strong>d\u00e9c\u00e9d\u00e9 entre 1756 et 1872<\/strong><\/p>\n<p style=\"text-align: center;\"><img decoding=\"async\" title=\"\" src=\"https:\/\/lesmaconsdelacreuse.fr\/annuaire\/wp-content\/uploads\/2019\/07\/image1-3845.jpg\" alt=\"\" data-source-id=\"i.0\" data-asset-id=\"15753\" \/><\/p>\n<h4 style=\"text-align: center;\"><span style=\"color: #008000;\"><strong>ma\u00e7on <\/strong>et <strong>cultivateur<\/strong><\/span><\/h4>\n<p style=\"text-align: center;\">n\u00e9 \u00e0 La Vergne (Le Monteil-au-Vicomte)\u00a0?<\/p>\n<p style=\"text-align: center;\">fils de<\/p>\n<p style=\"text-align: center;\">Martial GARAND, <span style=\"color: #008000;\"><strong>ma\u00e7on <\/strong><\/span><strong>\/ <\/strong>Anne BIZON<\/p>\n<p style=\"text-align: center;\"><span style=\"color: #ffffff;\">\u25d9<\/span><\/p>\n<p><strong>Avant 1753<\/strong><em>, Jean \u00e9pouse Marie <\/em><strong>DUMONTEIL <\/strong><strong>.<\/strong><\/p>\n<p><em>Ils habitent La Vergne o\u00f9 d\u00e9c\u00e8de Marie le 13 mai <\/em><strong>1754<\/strong><em>.<\/em><\/p>\n<p><em> Jean \u00e9pouse alors Marie <\/em><strong>BONAMOUR <\/strong><em>le 28 janvier <\/em><strong>1755<\/strong> <em>au Monteil (contrat Delavergne au Monteil). Ils habitent aussi La Vergne. <\/em><\/p>\n<p><strong>En 1772<\/strong><em>,\u00a0 Marie est veuve et \u00e9pouse Louis GIVERNAUD <\/em><em>. <\/em><\/p>\n","protected":false},"excerpt":{"rendered":"<p>Mis \u00e0 jour le : 25\/04\/2026Jean GARAND d\u00e9c\u00e9d\u00e9 entre 1756 et 1872 ma\u00e7on et cultivateur n\u00e9 \u00e0 La Vergne (Le Monteil-au-Vicomte)\u00a0? fils de Martial GARAND, ma\u00e7on \/ Anne BIZON \u25d9 Avant 1753, Jean \u00e9pouse Marie DUMONTEIL . Ils habitent La Vergne o\u00f9 d\u00e9c\u00e8de Marie le 13 mai 1754. Jean \u00e9pouse alors Marie BONAMOUR le 28 ..<\/p>\n<div class=\"clear-fix\"><\/div>\n<p><a href=\"https:\/\/www.lesmaconsdelacreuse.fr\/annuaires\/lettre-g\/g_76\/\" title=\"Lire la suite...\">Lire la suite<\/a><\/p>\n","protected":false},"author":6,"featured_media":0,"comment_status":"closed","ping_status":"closed","sticky":false,"template":"","format":"standard","meta":{"_acf_changed":false,"_exactmetrics_skip_tracking":false,"_exactmetrics_sitenote_active":false,"_exactmetrics_sitenote_note":"","_exactmetrics_sitenote_category":0,"footnotes":""},"categories":[16],"tags":[],"class_list":["post-15755","post","type-post","status-publish","format-standard","hentry","category-lettre-g"],"acf":[],"_links":{"self":[{"href":"https:\/\/www.lesmaconsdelacreuse.fr\/annuaires\/wp-json\/wp\/v2\/posts\/15755","targetHints":{"allow":["GET"]}}],"collection":[{"href":"https:\/\/www.lesmaconsdelacreuse.fr\/annuaires\/wp-json\/wp\/v2\/posts"}],"about":[{"href":"https:\/\/www.lesmaconsdelacreuse.fr\/annuaires\/wp-json\/wp\/v2\/types\/post"}],"author":[{"embeddable":true,"href":"https:\/\/www.lesmaconsdelacreuse.fr\/annuaires\/wp-json\/wp\/v2\/users\/6"}],"replies":[{"embeddable":true,"href":"https:\/\/www.lesmaconsdelacreuse.fr\/annuaires\/wp-json\/wp\/v2\/comments?post=15755"}],"version-history":[{"count":0,"href":"https:\/\/www.lesmaconsdelacreuse.fr\/annuaires\/wp-json\/wp\/v2\/posts\/15755\/revisions"}],"wp:attachment":[{"href":"https:\/\/www.lesmaconsdelacreuse.fr\/annuaires\/wp-json\/wp\/v2\/media?parent=15755"}],"wp:term":[{"taxonomy":"category","embeddable":true,"href":"https:\/\/www.lesmaconsdelacreuse.fr\/annuaires\/wp-json\/wp\/v2\/categories?post=15755"},{"taxonomy":"post_tag","embeddable":true,"href":"https:\/\/www.lesmaconsdelacreuse.fr\/annuaires\/wp-json\/wp\/v2\/tags?post=15755"}],"curies":[{"name":"wp","href":"https:\/\/api.w.org\/{rel}","templated":true}]}}