{"id":15759,"date":"2019-07-28T17:39:42","date_gmt":"2019-07-28T15:39:42","guid":{"rendered":"http:\/\/lesmaconsdelacreuse.fr\/annuaire\/?p=15759"},"modified":"2020-10-03T11:54:36","modified_gmt":"2020-10-03T09:54:36","slug":"g_79","status":"publish","type":"post","link":"https:\/\/www.lesmaconsdelacreuse.fr\/annuaires\/lettre-g\/g_79\/","title":{"rendered":"GARAUDE Fran\u00e7ois (1828\u2013apr\u00e8s 1882)"},"content":{"rendered":"<p class=\"last-updated\"><strong>Mis \u00e0 jour le :<\/strong> 25\/04\/2026<\/p><h2 style=\"text-align: center;\"><strong>Fran\u00e7ois GARAUDE<\/strong><\/h2>\n<p style=\"text-align: center;\"><strong>1828 \u2013 apr\u00e8s 1882<\/strong><\/p>\n<p style=\"text-align: center;\"><img decoding=\"async\" title=\"\" src=\"https:\/\/lesmaconsdelacreuse.fr\/annuaire\/wp-content\/uploads\/2019\/07\/image1-3846.jpg\" alt=\"\" data-source-id=\"i.0\" data-asset-id=\"15757\" \/><\/p>\n<h4 style=\"text-align: center;\"><span style=\"color: #008000;\"><strong>ma\u00e7on<\/strong><\/span><\/h4>\n<p>&nbsp;<\/p>\n<p style=\"text-align: center;\">n\u00e9 \u00e0 Jeansanetas (Roy\u00e8re)<\/p>\n<p style=\"text-align: center;\">le 4 janvier 1828<\/p>\n<p style=\"text-align: center;\">fils de<\/p>\n<p style=\"text-align: center;\">L\u00e9onard GARAUDE, \u25ba<a href=\"https:\/\/www.lesmaconsdelacreuse.fr\/annuaires\/wp-content\/uploads\/2020\/08\/SCIEUR-DE-LONG.png\" target=\"_blank\" rel=\"noopener noreferrer\">scieur de long<\/a><\/p>\n<p style=\"text-align: center;\">Jeanne LEMERLE, cultivatrice<\/p>\n<p style=\"text-align: center;\"><span style=\"color: #ffffff;\">\u25d9<\/span><\/p>\n<p><strong>En 1859<\/strong><em>, Fran\u00e7ois travaille \u00e0 <\/em><span style=\"color: #0000ff;\"><strong>Lyon (69)<\/strong><\/span><em>, et loge 123, rue de Cr\u00e9qui. Il est exempt\u00e9 de service militaire.<\/em><\/p>\n<p><strong>En 1864<\/strong><em>, il habite 123, Avenue des Martyrs\u00a0;<\/em><\/p>\n<p><strong>en 1882<\/strong><em>, 38, rue Chaponnay, Lyon 3e et il est c\u00e9libataire. Il est incarc\u00e9r\u00e9 quelques jours pour mendicit\u00e9 \u00e0 la prison Saint-Paul, puis transf\u00e9r\u00e9 au \u25ba<a href=\"https:\/\/www.lesmaconsdelacreuse.fr\/annuaires\/wp-content\/uploads\/2019\/08\/D\u00c9POT-DE-MENDICIT\u00c9.png\" target=\"_blank\" rel=\"noopener noreferrer\">d\u00e9p\u00f4t de mendicit\u00e9<\/a>. <\/em><\/p>\n<p>&nbsp;<\/p>\n","protected":false},"excerpt":{"rendered":"<p>Mis \u00e0 jour le : 25\/04\/2026Fran\u00e7ois GARAUDE 1828 \u2013 apr\u00e8s 1882 ma\u00e7on &nbsp; n\u00e9 \u00e0 Jeansanetas (Roy\u00e8re) le 4 janvier 1828 fils de L\u00e9onard GARAUDE, \u25bascieur de long Jeanne LEMERLE, cultivatrice \u25d9 En 1859, Fran\u00e7ois travaille \u00e0 Lyon (69), et loge 123, rue de Cr\u00e9qui. Il est exempt\u00e9 de service militaire. En 1864, il habite ..<\/p>\n<div class=\"clear-fix\"><\/div>\n<p><a href=\"https:\/\/www.lesmaconsdelacreuse.fr\/annuaires\/lettre-g\/g_79\/\" title=\"Lire la suite...\">Lire la suite<\/a><\/p>\n","protected":false},"author":6,"featured_media":0,"comment_status":"closed","ping_status":"closed","sticky":false,"template":"","format":"standard","meta":{"_acf_changed":false,"_exactmetrics_skip_tracking":false,"_exactmetrics_sitenote_active":false,"_exactmetrics_sitenote_note":"","_exactmetrics_sitenote_category":0,"footnotes":""},"categories":[16],"tags":[],"class_list":["post-15759","post","type-post","status-publish","format-standard","hentry","category-lettre-g"],"acf":[],"_links":{"self":[{"href":"https:\/\/www.lesmaconsdelacreuse.fr\/annuaires\/wp-json\/wp\/v2\/posts\/15759","targetHints":{"allow":["GET"]}}],"collection":[{"href":"https:\/\/www.lesmaconsdelacreuse.fr\/annuaires\/wp-json\/wp\/v2\/posts"}],"about":[{"href":"https:\/\/www.lesmaconsdelacreuse.fr\/annuaires\/wp-json\/wp\/v2\/types\/post"}],"author":[{"embeddable":true,"href":"https:\/\/www.lesmaconsdelacreuse.fr\/annuaires\/wp-json\/wp\/v2\/users\/6"}],"replies":[{"embeddable":true,"href":"https:\/\/www.lesmaconsdelacreuse.fr\/annuaires\/wp-json\/wp\/v2\/comments?post=15759"}],"version-history":[{"count":0,"href":"https:\/\/www.lesmaconsdelacreuse.fr\/annuaires\/wp-json\/wp\/v2\/posts\/15759\/revisions"}],"wp:attachment":[{"href":"https:\/\/www.lesmaconsdelacreuse.fr\/annuaires\/wp-json\/wp\/v2\/media?parent=15759"}],"wp:term":[{"taxonomy":"category","embeddable":true,"href":"https:\/\/www.lesmaconsdelacreuse.fr\/annuaires\/wp-json\/wp\/v2\/categories?post=15759"},{"taxonomy":"post_tag","embeddable":true,"href":"https:\/\/www.lesmaconsdelacreuse.fr\/annuaires\/wp-json\/wp\/v2\/tags?post=15759"}],"curies":[{"name":"wp","href":"https:\/\/api.w.org\/{rel}","templated":true}]}}