{"id":15782,"date":"2019-07-28T17:39:41","date_gmt":"2019-07-28T15:39:41","guid":{"rendered":"http:\/\/lesmaconsdelacreuse.fr\/annuaire\/?p=15782"},"modified":"2020-01-20T11:17:59","modified_gmt":"2020-01-20T10:17:59","slug":"g_46","status":"publish","type":"post","link":"https:\/\/www.lesmaconsdelacreuse.fr\/annuaires\/lettre-g\/g_46\/","title":{"rendered":"GANNAT Jean (1862\u20131946)"},"content":{"rendered":"<p class=\"last-updated\"><strong>Mis \u00e0 jour le :<\/strong> 25\/04\/2026<\/p><h2 style=\"text-align: center;\"><strong>Jean GANNAT<\/strong><\/h2>\n<p style=\"text-align: center;\"><strong>1862 \u2013 1946<\/strong><\/p>\n<p style=\"text-align: center;\"><img decoding=\"async\" title=\"\" src=\"https:\/\/lesmaconsdelacreuse.fr\/annuaire\/wp-content\/uploads\/2019\/07\/image1-3857.jpg\" alt=\"\" data-source-id=\"i.0\" data-asset-id=\"15781\" \/><\/p>\n<h4 style=\"text-align: center;\"><span style=\"color: #008000;\"><strong>ma\u00e7on<\/strong><\/span><\/h4>\n<p style=\"text-align: center;\">n\u00e9 \u00e0 Montamier (Saint-Moreil)<\/p>\n<p style=\"text-align: center;\">le 4 octobre 1862<\/p>\n<p style=\"text-align: center;\">fils de<\/p>\n<p style=\"text-align: center;\">Blaise GANNAT \/ Th\u00e9r\u00e8se PINTOU<\/p>\n<p style=\"text-align: center;\">cultivateurs<\/p>\n<p style=\"text-align: center;\"><span style=\"color: #ffffff;\">\u25d9<\/span><\/p>\n<p><strong>En 1888<\/strong><em>, Jean travaille \u00e0 <\/em><span style=\"color: #0000ff;\"><strong>Saint-Genis-Laval (69<em>)<\/em><\/strong><\/span><em>, puis \u00e0 <\/em><span style=\"color: #0000ff;\"><strong>Lyon (69)<\/strong><\/span><em>, logeant 17, rue Moncey\u00a0;<\/em><\/p>\n<p><strong>en 1889<\/strong><em>, de nouveau \u00e0 Saint-Genis, puis \u00e0 <\/em><span style=\"color: #0000ff;\"><strong>Primarette (38)<\/strong><\/span><em><span style=\"color: #0000ff;\">,<\/span> enfin \u00e0 Lyon, 154, rue Moli\u00e8re.<\/em><\/p>\n<p><em> Il \u00e9pouse Maria <\/em><strong>LACOUR <\/strong><em>le 7 f\u00e9vrier <\/em><strong>1890<\/strong><em> \u00e0 Saint-Moreil (contrat Berger \u00e0 Bourganeuf). Ils vivent \u00e0 Montamier.<\/em><\/p>\n<p><em>Jean revient travailler \u00e0 Lyon, et loge d&rsquo;abord <\/em><em>\u00a0154, rue Moli\u00e8re ;<\/em><\/p>\n<p><strong>en 1891<\/strong><em>, 17, rue Moncey\u00a0;<\/em><\/p>\n<p><strong>de 1892 \u00e0 1898<\/strong><em>, de nouveau 154, rue Moli\u00e8re.<\/em><\/p>\n<p><em>Les \u00e9poux d\u00e9c\u00e8dent au Bois-la-Combe, commune de Peyrat-le-Ch\u00e2teau (87)\u00a0:<\/em><\/p>\n<ul>\n<li><em>Marie, le 10 juillet <\/em><strong>1941<\/strong><em>, \u00e2g\u00e9e de 68 ans<\/em><\/li>\n<li><em>Jean le 16 d\u00e9cembre <\/em><strong>1946<\/strong><em>, \u00e2g\u00e9 de 84 ans<\/em><\/li>\n<\/ul>\n","protected":false},"excerpt":{"rendered":"<p>Mis \u00e0 jour le : 25\/04\/2026Jean GANNAT 1862 \u2013 1946 ma\u00e7on n\u00e9 \u00e0 Montamier (Saint-Moreil) le 4 octobre 1862 fils de Blaise GANNAT \/ Th\u00e9r\u00e8se PINTOU cultivateurs \u25d9 En 1888, Jean travaille \u00e0 Saint-Genis-Laval (69), puis \u00e0 Lyon (69), logeant 17, rue Moncey\u00a0; en 1889, de nouveau \u00e0 Saint-Genis, puis \u00e0 Primarette (38), enfin \u00e0 ..<\/p>\n<div class=\"clear-fix\"><\/div>\n<p><a href=\"https:\/\/www.lesmaconsdelacreuse.fr\/annuaires\/lettre-g\/g_46\/\" title=\"Lire la suite...\">Lire la suite<\/a><\/p>\n","protected":false},"author":6,"featured_media":0,"comment_status":"closed","ping_status":"closed","sticky":false,"template":"","format":"standard","meta":{"_acf_changed":false,"_exactmetrics_skip_tracking":false,"_exactmetrics_sitenote_active":false,"_exactmetrics_sitenote_note":"","_exactmetrics_sitenote_category":0,"footnotes":""},"categories":[16],"tags":[],"class_list":["post-15782","post","type-post","status-publish","format-standard","hentry","category-lettre-g"],"acf":[],"_links":{"self":[{"href":"https:\/\/www.lesmaconsdelacreuse.fr\/annuaires\/wp-json\/wp\/v2\/posts\/15782","targetHints":{"allow":["GET"]}}],"collection":[{"href":"https:\/\/www.lesmaconsdelacreuse.fr\/annuaires\/wp-json\/wp\/v2\/posts"}],"about":[{"href":"https:\/\/www.lesmaconsdelacreuse.fr\/annuaires\/wp-json\/wp\/v2\/types\/post"}],"author":[{"embeddable":true,"href":"https:\/\/www.lesmaconsdelacreuse.fr\/annuaires\/wp-json\/wp\/v2\/users\/6"}],"replies":[{"embeddable":true,"href":"https:\/\/www.lesmaconsdelacreuse.fr\/annuaires\/wp-json\/wp\/v2\/comments?post=15782"}],"version-history":[{"count":0,"href":"https:\/\/www.lesmaconsdelacreuse.fr\/annuaires\/wp-json\/wp\/v2\/posts\/15782\/revisions"}],"wp:attachment":[{"href":"https:\/\/www.lesmaconsdelacreuse.fr\/annuaires\/wp-json\/wp\/v2\/media?parent=15782"}],"wp:term":[{"taxonomy":"category","embeddable":true,"href":"https:\/\/www.lesmaconsdelacreuse.fr\/annuaires\/wp-json\/wp\/v2\/categories?post=15782"},{"taxonomy":"post_tag","embeddable":true,"href":"https:\/\/www.lesmaconsdelacreuse.fr\/annuaires\/wp-json\/wp\/v2\/tags?post=15782"}],"curies":[{"name":"wp","href":"https:\/\/api.w.org\/{rel}","templated":true}]}}