{"id":15787,"date":"2019-07-28T17:39:41","date_gmt":"2019-07-28T15:39:41","guid":{"rendered":"http:\/\/lesmaconsdelacreuse.fr\/annuaire\/?p=15787"},"modified":"2020-10-03T11:55:00","modified_gmt":"2020-10-03T09:55:00","slug":"g_83","status":"publish","type":"post","link":"https:\/\/www.lesmaconsdelacreuse.fr\/annuaires\/lettre-g\/g_83\/","title":{"rendered":"GARAUDE L\u00e9onard (1807-1825)"},"content":{"rendered":"<p class=\"last-updated\"><strong>Mis \u00e0 jour le :<\/strong> 25\/04\/2026<\/p><h2 style=\"text-align: center;\"><strong>L\u00e9onard GARAUDE<\/strong><\/h2>\n<p style=\"text-align: center;\"><strong>1807 &#8211; 1825<\/strong><\/p>\n<h4 style=\"text-align: center;\"><span style=\"color: #008000;\"><strong>ma\u00e7on<\/strong><\/span><\/h4>\n<p>&nbsp;<\/p>\n<p style=\"text-align: center;\"><span style=\"color: #000000;\">n\u00e9 <\/span>au Villard (Roy\u00e8re)<\/p>\n<p style=\"text-align: center;\">le 9 octobre 1807<\/p>\n<p style=\"text-align: center;\">fils de<\/p>\n<p style=\"text-align: center;\">Pierre GARAUDE, \u25ba<a href=\"https:\/\/www.lesmaconsdelacreuse.fr\/annuaires\/wp-content\/uploads\/2020\/08\/SCIEUR-DE-LONG.png\" target=\"_blank\" rel=\"noopener noreferrer\">scieur de long<\/a> \/ Marie CAZAUD<\/p>\n<p style=\"text-align: center;\">propri\u00e9taires cultivateurs<\/p>\n<p style=\"text-align: center;\"><span style=\"color: #ffffff;\">\u25d9<\/span><\/p>\n<p><strong>En 1825<\/strong><em>, L\u00e9onard habite <\/em><span style=\"color: #0000ff;\"><strong>Saint-Rambert-l\u2019Ile-Barbe (69)<\/strong><\/span><em>.<\/em><\/p>\n<p><em>Le 20 ao\u00fbt de la m\u00eame ann\u00e9e, il d\u00e9c\u00e8de \u00e0 l\u2019H\u00f4pital des Malades de Lyon, \u00e2g\u00e9 de 17 ans. <\/em><\/p>\n<p>&nbsp;<\/p>\n","protected":false},"excerpt":{"rendered":"<p>Mis \u00e0 jour le : 25\/04\/2026L\u00e9onard GARAUDE 1807 &#8211; 1825 ma\u00e7on &nbsp; n\u00e9 au Villard (Roy\u00e8re) le 9 octobre 1807 fils de Pierre GARAUDE, \u25bascieur de long \/ Marie CAZAUD propri\u00e9taires cultivateurs \u25d9 En 1825, L\u00e9onard habite Saint-Rambert-l\u2019Ile-Barbe (69). Le 20 ao\u00fbt de la m\u00eame ann\u00e9e, il d\u00e9c\u00e8de \u00e0 l\u2019H\u00f4pital des Malades de Lyon, \u00e2g\u00e9 ..<\/p>\n<div class=\"clear-fix\"><\/div>\n<p><a href=\"https:\/\/www.lesmaconsdelacreuse.fr\/annuaires\/lettre-g\/g_83\/\" title=\"Lire la suite...\">Lire la suite<\/a><\/p>\n","protected":false},"author":6,"featured_media":0,"comment_status":"closed","ping_status":"closed","sticky":false,"template":"","format":"standard","meta":{"_acf_changed":false,"_exactmetrics_skip_tracking":false,"_exactmetrics_sitenote_active":false,"_exactmetrics_sitenote_note":"","_exactmetrics_sitenote_category":0,"footnotes":""},"categories":[16],"tags":[],"class_list":["post-15787","post","type-post","status-publish","format-standard","hentry","category-lettre-g"],"acf":[],"_links":{"self":[{"href":"https:\/\/www.lesmaconsdelacreuse.fr\/annuaires\/wp-json\/wp\/v2\/posts\/15787","targetHints":{"allow":["GET"]}}],"collection":[{"href":"https:\/\/www.lesmaconsdelacreuse.fr\/annuaires\/wp-json\/wp\/v2\/posts"}],"about":[{"href":"https:\/\/www.lesmaconsdelacreuse.fr\/annuaires\/wp-json\/wp\/v2\/types\/post"}],"author":[{"embeddable":true,"href":"https:\/\/www.lesmaconsdelacreuse.fr\/annuaires\/wp-json\/wp\/v2\/users\/6"}],"replies":[{"embeddable":true,"href":"https:\/\/www.lesmaconsdelacreuse.fr\/annuaires\/wp-json\/wp\/v2\/comments?post=15787"}],"version-history":[{"count":0,"href":"https:\/\/www.lesmaconsdelacreuse.fr\/annuaires\/wp-json\/wp\/v2\/posts\/15787\/revisions"}],"wp:attachment":[{"href":"https:\/\/www.lesmaconsdelacreuse.fr\/annuaires\/wp-json\/wp\/v2\/media?parent=15787"}],"wp:term":[{"taxonomy":"category","embeddable":true,"href":"https:\/\/www.lesmaconsdelacreuse.fr\/annuaires\/wp-json\/wp\/v2\/categories?post=15787"},{"taxonomy":"post_tag","embeddable":true,"href":"https:\/\/www.lesmaconsdelacreuse.fr\/annuaires\/wp-json\/wp\/v2\/tags?post=15787"}],"curies":[{"name":"wp","href":"https:\/\/api.w.org\/{rel}","templated":true}]}}