{"id":15799,"date":"2019-07-28T17:39:40","date_gmt":"2019-07-28T15:39:40","guid":{"rendered":"http:\/\/lesmaconsdelacreuse.fr\/annuaire\/?p=15799"},"modified":"2020-01-20T11:18:01","modified_gmt":"2020-01-20T10:18:01","slug":"g_41","status":"publish","type":"post","link":"https:\/\/www.lesmaconsdelacreuse.fr\/annuaires\/lettre-g\/g_41\/","title":{"rendered":"GALERNE Louis (1899\u20131974)"},"content":{"rendered":"<p class=\"last-updated\"><strong>Mis \u00e0 jour le :<\/strong> 25\/04\/2026<\/p><h2 style=\"text-align: center;\"><strong>Louis GALERNE<\/strong><\/h2>\n<p style=\"text-align: center;\"><strong>1899 \u2013 1974<\/strong><\/p>\n<p style=\"text-align: center;\"><img decoding=\"async\" title=\"\" src=\"https:\/\/lesmaconsdelacreuse.fr\/annuaire\/wp-content\/uploads\/2019\/07\/image1-254.png\" alt=\"\" data-source-id=\"i.0\" data-asset-id=\"15798\" \/><\/p>\n<h4 style=\"text-align: center;\"><span style=\"color: #008000;\"><strong>ma\u00e7on<\/strong><\/span><\/h4>\n<p style=\"text-align: center;\">n\u00e9 \u00e0 Neipoux (Saint-Marc-\u00e0-Loubaud)<\/p>\n<p style=\"text-align: center;\">le 11 f\u00e9vrier 1899<\/p>\n<p style=\"text-align: center;\">fils de<\/p>\n<p style=\"text-align: center;\">Fran\u00e7ois GALERNE \/ Anne POURSALESSAS<\/p>\n<p style=\"text-align: center;\">cultivateurs<\/p>\n<p style=\"text-align: center;\"><span style=\"color: #ffffff;\">\u25d9<\/span><\/p>\n<p><strong>En 1920<\/strong><em>, Louis habite Pont-de-Vauveix, commune de Roy\u00e8re avec ses parents.<\/em><\/p>\n<p><strong>En 1926<\/strong><em>, il travaille \u00e0 <\/em><span style=\"color: #0000ff;\"><strong>Lyon (69)<\/strong><\/span><em>, et loge 48, petit chemin des Cures.<\/em><\/p>\n<p><em>Le 28 avril de la m\u00eame ann\u00e9e, il \u00e9pouse Marcelle M\u00e9lanie <\/em><strong>M\u00c9RIGOUX\u00a0<\/strong><em>, employ\u00e9e de soierie, \u00e0 Lyon 6e.<\/em><\/p>\n<p><strong>De 1929 \u00e0 1932<\/strong> <em>au moins, ils habitent 53, rue Rabelais\u00a0;<\/em><\/p>\n<p><strong>en 1974<\/strong><em>, 55, rue du Dauphin\u00e9, 3e arrondissement, et Louis est retrait\u00e9.<\/em><\/p>\n<p><em>Le 26 d\u00e9cembre de la m\u00eame ann\u00e9e, il d\u00e9c\u00e8de 129, rue Trarieux, aussi dans le 3e, \u00e2g\u00e9 de 75 ans. <\/em><\/p>\n","protected":false},"excerpt":{"rendered":"<p>Mis \u00e0 jour le : 25\/04\/2026Louis GALERNE 1899 \u2013 1974 ma\u00e7on n\u00e9 \u00e0 Neipoux (Saint-Marc-\u00e0-Loubaud) le 11 f\u00e9vrier 1899 fils de Fran\u00e7ois GALERNE \/ Anne POURSALESSAS cultivateurs \u25d9 En 1920, Louis habite Pont-de-Vauveix, commune de Roy\u00e8re avec ses parents. En 1926, il travaille \u00e0 Lyon (69), et loge 48, petit chemin des Cures. Le 28 ..<\/p>\n<div class=\"clear-fix\"><\/div>\n<p><a href=\"https:\/\/www.lesmaconsdelacreuse.fr\/annuaires\/lettre-g\/g_41\/\" title=\"Lire la suite...\">Lire la suite<\/a><\/p>\n","protected":false},"author":6,"featured_media":0,"comment_status":"closed","ping_status":"closed","sticky":false,"template":"","format":"standard","meta":{"_acf_changed":false,"_exactmetrics_skip_tracking":false,"_exactmetrics_sitenote_active":false,"_exactmetrics_sitenote_note":"","_exactmetrics_sitenote_category":0,"footnotes":""},"categories":[16],"tags":[],"class_list":["post-15799","post","type-post","status-publish","format-standard","hentry","category-lettre-g"],"acf":[],"_links":{"self":[{"href":"https:\/\/www.lesmaconsdelacreuse.fr\/annuaires\/wp-json\/wp\/v2\/posts\/15799","targetHints":{"allow":["GET"]}}],"collection":[{"href":"https:\/\/www.lesmaconsdelacreuse.fr\/annuaires\/wp-json\/wp\/v2\/posts"}],"about":[{"href":"https:\/\/www.lesmaconsdelacreuse.fr\/annuaires\/wp-json\/wp\/v2\/types\/post"}],"author":[{"embeddable":true,"href":"https:\/\/www.lesmaconsdelacreuse.fr\/annuaires\/wp-json\/wp\/v2\/users\/6"}],"replies":[{"embeddable":true,"href":"https:\/\/www.lesmaconsdelacreuse.fr\/annuaires\/wp-json\/wp\/v2\/comments?post=15799"}],"version-history":[{"count":0,"href":"https:\/\/www.lesmaconsdelacreuse.fr\/annuaires\/wp-json\/wp\/v2\/posts\/15799\/revisions"}],"wp:attachment":[{"href":"https:\/\/www.lesmaconsdelacreuse.fr\/annuaires\/wp-json\/wp\/v2\/media?parent=15799"}],"wp:term":[{"taxonomy":"category","embeddable":true,"href":"https:\/\/www.lesmaconsdelacreuse.fr\/annuaires\/wp-json\/wp\/v2\/categories?post=15799"},{"taxonomy":"post_tag","embeddable":true,"href":"https:\/\/www.lesmaconsdelacreuse.fr\/annuaires\/wp-json\/wp\/v2\/tags?post=15799"}],"curies":[{"name":"wp","href":"https:\/\/api.w.org\/{rel}","templated":true}]}}