{"id":15803,"date":"2019-07-28T17:39:40","date_gmt":"2019-07-28T15:39:40","guid":{"rendered":"http:\/\/lesmaconsdelacreuse.fr\/annuaire\/?p=15803"},"modified":"2020-01-20T11:18:00","modified_gmt":"2020-01-20T10:18:00","slug":"g_6","status":"publish","type":"post","link":"https:\/\/www.lesmaconsdelacreuse.fr\/annuaires\/lettre-g\/g_6\/","title":{"rendered":"GADINAUD Fran\u00e7ois (vers 1730\u2013entre 1757 et 1790)"},"content":{"rendered":"<p class=\"last-updated\"><strong>Mis \u00e0 jour le :<\/strong> 25\/04\/2026<\/p><h2 style=\"text-align: center;\"><strong>Fran\u00e7ois GADINAUD<\/strong><\/h2>\n<p style=\"text-align: center;\"><strong>vers 1730 \u2013 entre 1757 et 1790<\/strong><\/p>\n<p style=\"text-align: center;\"><img decoding=\"async\" title=\"\" src=\"https:\/\/lesmaconsdelacreuse.fr\/annuaire\/wp-content\/uploads\/2019\/07\/image1-3864.jpg\" alt=\"\" data-source-id=\"i.0\" data-asset-id=\"15802\" \/><\/p>\n<h4 style=\"text-align: center;\"><span style=\"color: #008000;\"><strong>ma\u00e7on <\/strong>et<strong> laboureur<\/strong><\/span><\/h4>\n<p style=\"text-align: center;\">n\u00e9 \u00e0 La Clavelle Saint-Martin-Ch\u00e2teau)\u00a0?<\/p>\n<p style=\"text-align: center;\">vers 1730<\/p>\n<p style=\"text-align: center;\">fils de<\/p>\n<p style=\"text-align: center;\">Pierre GADINAUD \/ Marie BARJONNET<\/p>\n<p style=\"text-align: center;\"><span style=\"color: #ffffff;\">\u25d9<\/span><\/p>\n<p><em>Fran\u00e7ois \u00e9pouse Val\u00e9rie <\/em><strong>PITANCE <\/strong><em>le 22 f\u00e9vrier <\/em><strong>1751<\/strong> <em>\u00e0 Saint-Martin.<\/em><\/p>\n<p><em> Ils habitent La Clavelle, puis La Seauve, m\u00eame commune.<\/em><\/p>\n<p><em>Val\u00e9rie d\u00e9c\u00e8de veuve \u00e0 La Seauve, le 24 messidor an VII (12 juillet <\/em><strong>1799<\/strong><em>), \u00e2g\u00e9e de 70 ans environ.<\/em><\/p>\n","protected":false},"excerpt":{"rendered":"<p>Mis \u00e0 jour le : 25\/04\/2026Fran\u00e7ois GADINAUD vers 1730 \u2013 entre 1757 et 1790 ma\u00e7on et laboureur n\u00e9 \u00e0 La Clavelle Saint-Martin-Ch\u00e2teau)\u00a0? vers 1730 fils de Pierre GADINAUD \/ Marie BARJONNET \u25d9 Fran\u00e7ois \u00e9pouse Val\u00e9rie PITANCE le 22 f\u00e9vrier 1751 \u00e0 Saint-Martin. Ils habitent La Clavelle, puis La Seauve, m\u00eame commune. Val\u00e9rie d\u00e9c\u00e8de veuve \u00e0 ..<\/p>\n<div class=\"clear-fix\"><\/div>\n<p><a href=\"https:\/\/www.lesmaconsdelacreuse.fr\/annuaires\/lettre-g\/g_6\/\" title=\"Lire la suite...\">Lire la suite<\/a><\/p>\n","protected":false},"author":6,"featured_media":0,"comment_status":"closed","ping_status":"closed","sticky":false,"template":"","format":"standard","meta":{"_acf_changed":false,"_exactmetrics_skip_tracking":false,"_exactmetrics_sitenote_active":false,"_exactmetrics_sitenote_note":"","_exactmetrics_sitenote_category":0,"footnotes":""},"categories":[16],"tags":[],"class_list":["post-15803","post","type-post","status-publish","format-standard","hentry","category-lettre-g"],"acf":[],"_links":{"self":[{"href":"https:\/\/www.lesmaconsdelacreuse.fr\/annuaires\/wp-json\/wp\/v2\/posts\/15803","targetHints":{"allow":["GET"]}}],"collection":[{"href":"https:\/\/www.lesmaconsdelacreuse.fr\/annuaires\/wp-json\/wp\/v2\/posts"}],"about":[{"href":"https:\/\/www.lesmaconsdelacreuse.fr\/annuaires\/wp-json\/wp\/v2\/types\/post"}],"author":[{"embeddable":true,"href":"https:\/\/www.lesmaconsdelacreuse.fr\/annuaires\/wp-json\/wp\/v2\/users\/6"}],"replies":[{"embeddable":true,"href":"https:\/\/www.lesmaconsdelacreuse.fr\/annuaires\/wp-json\/wp\/v2\/comments?post=15803"}],"version-history":[{"count":0,"href":"https:\/\/www.lesmaconsdelacreuse.fr\/annuaires\/wp-json\/wp\/v2\/posts\/15803\/revisions"}],"wp:attachment":[{"href":"https:\/\/www.lesmaconsdelacreuse.fr\/annuaires\/wp-json\/wp\/v2\/media?parent=15803"}],"wp:term":[{"taxonomy":"category","embeddable":true,"href":"https:\/\/www.lesmaconsdelacreuse.fr\/annuaires\/wp-json\/wp\/v2\/categories?post=15803"},{"taxonomy":"post_tag","embeddable":true,"href":"https:\/\/www.lesmaconsdelacreuse.fr\/annuaires\/wp-json\/wp\/v2\/tags?post=15803"}],"curies":[{"name":"wp","href":"https:\/\/api.w.org\/{rel}","templated":true}]}}