{"id":15806,"date":"2019-07-28T17:39:40","date_gmt":"2019-07-28T15:39:40","guid":{"rendered":"http:\/\/lesmaconsdelacreuse.fr\/annuaire\/?p=15806"},"modified":"2023-01-04T13:06:53","modified_gmt":"2023-01-04T12:06:53","slug":"g_73","status":"publish","type":"post","link":"https:\/\/www.lesmaconsdelacreuse.fr\/annuaires\/lettre-g\/g_73\/","title":{"rendered":"GARRANT Jean (d\u00e9c\u00e9d\u00e9 apr\u00e8s 1681)"},"content":{"rendered":"<p class=\"last-updated\"><strong>Mis \u00e0 jour le :<\/strong> 25\/04\/2026<\/p><h2 style=\"text-align: center;\"><strong>Jean GARRANT<\/strong><\/h2>\n<p style=\"text-align: center;\"><strong>d\u00e9c\u00e9d\u00e9 apr\u00e8s 1681<\/strong><\/p>\n<p style=\"text-align: center;\"><img decoding=\"async\" title=\"\" src=\"https:\/\/lesmaconsdelacreuse.fr\/annuaire\/wp-content\/uploads\/2019\/07\/image1-3865.jpg\" alt=\"\" data-source-id=\"i.0\" data-asset-id=\"15804\" \/><\/p>\n<h4 style=\"text-align: center;\"><span style=\"color: #008000;\"><strong>ma\u00e7on<\/strong><\/span><\/h4>\n<p style=\"text-align: center;\"><span style=\"color: #ffffff;\">\u25d9<\/span><\/p>\n<p><strong>Avant 1681<\/strong><em>, Jean \u00e9pouse L\u00e9onarde <\/em><strong>MARGNOT<\/strong><em>\u00a0? <\/em><\/p>\n<p><em>Ils habitent La Vergne, paroisse du Monteil-au-Vicomte.<\/em><\/p>\n<p>S17<\/p>\n","protected":false},"excerpt":{"rendered":"<p>Mis \u00e0 jour le : 25\/04\/2026Jean GARRANT d\u00e9c\u00e9d\u00e9 apr\u00e8s 1681 ma\u00e7on \u25d9 Avant 1681, Jean \u00e9pouse L\u00e9onarde MARGNOT\u00a0? Ils habitent La Vergne, paroisse du Monteil-au-Vi..<\/p>\n<div class=\"clear-fix\"><\/div>\n<p><a href=\"https:\/\/www.lesmaconsdelacreuse.fr\/annuaires\/lettre-g\/g_73\/\" title=\"Lire la suite...\">Lire la suite<\/a><\/p>\n","protected":false},"author":6,"featured_media":0,"comment_status":"closed","ping_status":"closed","sticky":false,"template":"","format":"standard","meta":{"_acf_changed":false,"_exactmetrics_skip_tracking":false,"_exactmetrics_sitenote_active":false,"_exactmetrics_sitenote_note":"","_exactmetrics_sitenote_category":0,"footnotes":""},"categories":[16],"tags":[],"class_list":["post-15806","post","type-post","status-publish","format-standard","hentry","category-lettre-g"],"acf":[],"_links":{"self":[{"href":"https:\/\/www.lesmaconsdelacreuse.fr\/annuaires\/wp-json\/wp\/v2\/posts\/15806","targetHints":{"allow":["GET"]}}],"collection":[{"href":"https:\/\/www.lesmaconsdelacreuse.fr\/annuaires\/wp-json\/wp\/v2\/posts"}],"about":[{"href":"https:\/\/www.lesmaconsdelacreuse.fr\/annuaires\/wp-json\/wp\/v2\/types\/post"}],"author":[{"embeddable":true,"href":"https:\/\/www.lesmaconsdelacreuse.fr\/annuaires\/wp-json\/wp\/v2\/users\/6"}],"replies":[{"embeddable":true,"href":"https:\/\/www.lesmaconsdelacreuse.fr\/annuaires\/wp-json\/wp\/v2\/comments?post=15806"}],"version-history":[{"count":1,"href":"https:\/\/www.lesmaconsdelacreuse.fr\/annuaires\/wp-json\/wp\/v2\/posts\/15806\/revisions"}],"predecessor-version":[{"id":203722,"href":"https:\/\/www.lesmaconsdelacreuse.fr\/annuaires\/wp-json\/wp\/v2\/posts\/15806\/revisions\/203722"}],"wp:attachment":[{"href":"https:\/\/www.lesmaconsdelacreuse.fr\/annuaires\/wp-json\/wp\/v2\/media?parent=15806"}],"wp:term":[{"taxonomy":"category","embeddable":true,"href":"https:\/\/www.lesmaconsdelacreuse.fr\/annuaires\/wp-json\/wp\/v2\/categories?post=15806"},{"taxonomy":"post_tag","embeddable":true,"href":"https:\/\/www.lesmaconsdelacreuse.fr\/annuaires\/wp-json\/wp\/v2\/tags?post=15806"}],"curies":[{"name":"wp","href":"https:\/\/api.w.org\/{rel}","templated":true}]}}