{"id":15807,"date":"2019-07-28T17:39:40","date_gmt":"2019-07-28T15:39:40","guid":{"rendered":"http:\/\/lesmaconsdelacreuse.fr\/annuaire\/?p=15807"},"modified":"2020-01-20T11:18:00","modified_gmt":"2020-01-20T10:18:00","slug":"g_64","status":"publish","type":"post","link":"https:\/\/www.lesmaconsdelacreuse.fr\/annuaires\/lettre-g\/g_64\/","title":{"rendered":"GANNOT Simon (1753\u2013apr\u00e8s 1815)"},"content":{"rendered":"<p class=\"last-updated\"><strong>Mis \u00e0 jour le :<\/strong> 25\/04\/2026<\/p><h2 style=\"text-align: center;\"><strong>Simon GANNOT<\/strong><\/h2>\n<p style=\"text-align: center;\"><strong>L\u00e9onard GANNOT<\/strong><\/p>\n<p style=\"text-align: center;\"><strong>1753 \u2013 apr\u00e8s 1815<\/strong><\/p>\n<p style=\"text-align: center;\"><img decoding=\"async\" title=\"\" src=\"https:\/\/lesmaconsdelacreuse.fr\/annuaire\/wp-content\/uploads\/2019\/07\/image1-3866.jpg\" alt=\"\" data-source-id=\"i.0\" data-asset-id=\"15805\" \/><\/p>\n<h4 style=\"text-align: center;\"><span style=\"color: #008000;\"><strong>ma\u00e7on <\/strong>et<strong> cultivateur<\/strong><\/span><\/h4>\n<p style=\"text-align: center;\">n\u00e9 \u00e0 L\u00e2ge (Saint-Martin-Ch\u00e2teau)<\/p>\n<p style=\"text-align: center;\">le 11 septembre 1753<\/p>\n<p style=\"text-align: center;\">fils de<\/p>\n<p style=\"text-align: center;\">L\u00e9onard GANNOT, <span style=\"color: #008000;\"><strong>ma\u00e7on <\/strong><\/span><strong>\/ <\/strong>Th\u00e9r\u00e8se QUINTANE<\/p>\n<p style=\"text-align: center;\">laboureurs<\/p>\n<p style=\"text-align: center;\"><span style=\"color: #ffffff;\">\u25d9<\/span><\/p>\n<p><em>Simon \u00e9pouse L\u00e9onarde <\/em><strong>BOUTEILLE<\/strong><em> le 20 f\u00e9vrier <\/em><strong>1783<\/strong><em> \u00e0 Saint-Martin. Ils habitent L\u00e2ge.<\/em><\/p>\n<p><em> L\u00e9onarde y d\u00e9c\u00e8de le 22 d\u00e9cembre <\/em><strong>1784<\/strong><em>, \u00e2g\u00e9e de 34 ans environ. <\/em><\/p>\n<p><em>Simon se remarie le 31 janvier <\/em><strong>1785<\/strong> <em>\u00e0 Saint-Martin avec \u00c9lisabeth <\/em><strong>SAVY<\/strong><em>.<\/em><\/p>\n<p><em>\u00c9lisabeth d\u00e9c\u00e8de, aussi \u00e0 L\u00e2ge, le 18 pluvi\u00f4se an XI (7 f\u00e9vrier <\/em><strong>1803<\/strong><em>), \u00e2g\u00e9e de 40 ans environ. <\/em><\/p>\n<p><em>Simon \u00e9pouse alors Marie <\/em><strong>CHAISE<\/strong><em> le 20 thermidor an XIII (8 ao\u00fbt <\/em><strong>1805<\/strong><em>) \u00e0 Saint-Martin. <\/em><\/p>\n<p><em>Marie d\u00e9c\u00e8de \u00e0 La Seauve le 24 juin <\/em><strong>1810<\/strong><em>, \u00e2g\u00e9e de 35 ans.<\/em><\/p>\n","protected":false},"excerpt":{"rendered":"<p>Mis \u00e0 jour le : 25\/04\/2026Simon GANNOT L\u00e9onard GANNOT 1753 \u2013 apr\u00e8s 1815 ma\u00e7on et cultivateur n\u00e9 \u00e0 L\u00e2ge (Saint-Martin-Ch\u00e2teau) le 11 septembre 1753 fils de L\u00e9onard GANNOT, ma\u00e7on \/ Th\u00e9r\u00e8se QUINTANE laboureurs \u25d9 Simon \u00e9pouse L\u00e9onarde BOUTEILLE le 20 f\u00e9vrier 1783 \u00e0 Saint-Martin. Ils habitent L\u00e2ge. L\u00e9onarde y d\u00e9c\u00e8de le 22 d\u00e9cembre 1784, \u00e2g\u00e9e ..<\/p>\n<div class=\"clear-fix\"><\/div>\n<p><a href=\"https:\/\/www.lesmaconsdelacreuse.fr\/annuaires\/lettre-g\/g_64\/\" title=\"Lire la suite...\">Lire la suite<\/a><\/p>\n","protected":false},"author":6,"featured_media":0,"comment_status":"closed","ping_status":"closed","sticky":false,"template":"","format":"standard","meta":{"_acf_changed":false,"_exactmetrics_skip_tracking":false,"_exactmetrics_sitenote_active":false,"_exactmetrics_sitenote_note":"","_exactmetrics_sitenote_category":0,"footnotes":""},"categories":[16],"tags":[],"class_list":["post-15807","post","type-post","status-publish","format-standard","hentry","category-lettre-g"],"acf":[],"_links":{"self":[{"href":"https:\/\/www.lesmaconsdelacreuse.fr\/annuaires\/wp-json\/wp\/v2\/posts\/15807","targetHints":{"allow":["GET"]}}],"collection":[{"href":"https:\/\/www.lesmaconsdelacreuse.fr\/annuaires\/wp-json\/wp\/v2\/posts"}],"about":[{"href":"https:\/\/www.lesmaconsdelacreuse.fr\/annuaires\/wp-json\/wp\/v2\/types\/post"}],"author":[{"embeddable":true,"href":"https:\/\/www.lesmaconsdelacreuse.fr\/annuaires\/wp-json\/wp\/v2\/users\/6"}],"replies":[{"embeddable":true,"href":"https:\/\/www.lesmaconsdelacreuse.fr\/annuaires\/wp-json\/wp\/v2\/comments?post=15807"}],"version-history":[{"count":0,"href":"https:\/\/www.lesmaconsdelacreuse.fr\/annuaires\/wp-json\/wp\/v2\/posts\/15807\/revisions"}],"wp:attachment":[{"href":"https:\/\/www.lesmaconsdelacreuse.fr\/annuaires\/wp-json\/wp\/v2\/media?parent=15807"}],"wp:term":[{"taxonomy":"category","embeddable":true,"href":"https:\/\/www.lesmaconsdelacreuse.fr\/annuaires\/wp-json\/wp\/v2\/categories?post=15807"},{"taxonomy":"post_tag","embeddable":true,"href":"https:\/\/www.lesmaconsdelacreuse.fr\/annuaires\/wp-json\/wp\/v2\/tags?post=15807"}],"curies":[{"name":"wp","href":"https:\/\/api.w.org\/{rel}","templated":true}]}}