{"id":15817,"date":"2019-07-28T17:39:39","date_gmt":"2019-07-28T15:39:39","guid":{"rendered":"http:\/\/lesmaconsdelacreuse.fr\/annuaire\/?p=15817"},"modified":"2020-10-05T14:17:43","modified_gmt":"2020-10-05T12:17:43","slug":"g_100","status":"publish","type":"post","link":"https:\/\/www.lesmaconsdelacreuse.fr\/annuaires\/lettre-g\/g_100\/","title":{"rendered":"GARDELLE Fran\u00e7ois (1821\u20131905)"},"content":{"rendered":"<p class=\"last-updated\"><strong>Mis \u00e0 jour le :<\/strong> 25\/04\/2026<\/p><h2 style=\"text-align: center;\"><strong>Fran\u00e7ois GARDELLE<\/strong><\/h2>\n<p style=\"text-align: center;\"><strong>1821 \u2013 1905<\/strong><\/p>\n<p style=\"text-align: center;\"><img loading=\"lazy\" decoding=\"async\" class=\"\" title=\"\" src=\"https:\/\/lesmaconsdelacreuse.fr\/annuaire\/wp-content\/uploads\/2019\/07\/image1-3870.jpg\" alt=\"\" width=\"426\" height=\"90\" data-source-id=\"i.0\" data-asset-id=\"15815\" \/><\/p>\n<h4 style=\"text-align: center;\"><span style=\"color: #008000;\"><strong>ma\u00e7on<\/strong> et <strong><a href=\"https:\/\/www.lesmaconsdelacreuse.fr\/annuaires\/wp-content\/uploads\/2020\/07\/TAILLEUR-DE-PIERRE.png\">\u25ba <span style=\"color: #008000;\">tailleur de pierre<\/span><\/a>; \u00a0<\/strong><strong>propri\u00e9taire cultivateur<\/strong><\/span><\/h4>\n<p>&nbsp;<\/p>\n<p style=\"text-align: center;\">n\u00e9 \u00e0 La Borderie (Le Compeix)<\/p>\n<p style=\"text-align: center;\">le 6 d\u00e9cembre 1821<\/p>\n<p style=\"text-align: center;\">fils de<\/p>\n<p style=\"text-align: center;\">L\u00e9onard GARDELLE \/ Fran\u00e7oise PLANCHADEAU<\/p>\n<p style=\"text-align: center;\">propri\u00e9taires cultivateurs<\/p>\n<p style=\"text-align: center;\"><span style=\"color: #ffffff;\">\u25d9<\/span><\/p>\n<p><em>Fran\u00e7ois \u00e9pouse Jeanne <\/em><strong>BAUDY<\/strong><em> le 26 f\u00e9vrier <\/em><strong>1843<\/strong><em> \u00e0 Saint-Marc-\u00e0-Loubaud. Ils habitent La Borderie. Jeanne y d\u00e9c\u00e8de le 21 mai <\/em><strong>1858<\/strong><em>, \u00e2g\u00e9e de 37 ans. <\/em><\/p>\n<p><em>Fran\u00e7ois se remarie le 25 octobre <\/em><strong>1862<\/strong><em> \u00e0 Saint-Pierre avec Fran\u00e7oise <\/em><strong>MARTIN<\/strong><em> (contrat Filli\u00e2tre \u00e0 Bourganeuf).<\/em><\/p>\n<p><em> Ils d\u00e9c\u00e8dent \u00e0 La Borderie\u00a0:<\/em><\/p>\n<ul>\n<li><em>Fran\u00e7oise, le 8 juillet <\/em><strong>1892<\/strong><em>, \u00e2g\u00e9e de 74 ans<\/em><\/li>\n<li><em>Fran\u00e7ois, le 4 juillet <\/em><strong>1905<\/strong><em>, \u00e2g\u00e9 de 83 ans<\/em><\/li>\n<\/ul>\n<p>&nbsp;<\/p>\n","protected":false},"excerpt":{"rendered":"<p>Mis \u00e0 jour le : 25\/04\/2026Fran\u00e7ois GARDELLE 1821 \u2013 1905 ma\u00e7on et \u25ba tailleur de pierre; \u00a0propri\u00e9taire cultivateur &nbsp; n\u00e9 \u00e0 La Borderie (Le Compeix) le 6 d\u00e9cembre 1821 fils de L\u00e9onard GARDELLE \/ Fran\u00e7oise PLANCHADEAU propri\u00e9taires cultivateurs \u25d9 Fran\u00e7ois \u00e9pouse Jeanne BAUDY le 26 f\u00e9vrier 1843 \u00e0 Saint-Marc-\u00e0-Loubaud. Ils habitent La Borderie. Jeanne y ..<\/p>\n<div class=\"clear-fix\"><\/div>\n<p><a href=\"https:\/\/www.lesmaconsdelacreuse.fr\/annuaires\/lettre-g\/g_100\/\" title=\"Lire la suite...\">Lire la suite<\/a><\/p>\n","protected":false},"author":6,"featured_media":0,"comment_status":"closed","ping_status":"closed","sticky":false,"template":"","format":"standard","meta":{"_acf_changed":false,"_exactmetrics_skip_tracking":false,"_exactmetrics_sitenote_active":false,"_exactmetrics_sitenote_note":"","_exactmetrics_sitenote_category":0,"footnotes":""},"categories":[16],"tags":[],"class_list":["post-15817","post","type-post","status-publish","format-standard","hentry","category-lettre-g"],"acf":[],"_links":{"self":[{"href":"https:\/\/www.lesmaconsdelacreuse.fr\/annuaires\/wp-json\/wp\/v2\/posts\/15817","targetHints":{"allow":["GET"]}}],"collection":[{"href":"https:\/\/www.lesmaconsdelacreuse.fr\/annuaires\/wp-json\/wp\/v2\/posts"}],"about":[{"href":"https:\/\/www.lesmaconsdelacreuse.fr\/annuaires\/wp-json\/wp\/v2\/types\/post"}],"author":[{"embeddable":true,"href":"https:\/\/www.lesmaconsdelacreuse.fr\/annuaires\/wp-json\/wp\/v2\/users\/6"}],"replies":[{"embeddable":true,"href":"https:\/\/www.lesmaconsdelacreuse.fr\/annuaires\/wp-json\/wp\/v2\/comments?post=15817"}],"version-history":[{"count":0,"href":"https:\/\/www.lesmaconsdelacreuse.fr\/annuaires\/wp-json\/wp\/v2\/posts\/15817\/revisions"}],"wp:attachment":[{"href":"https:\/\/www.lesmaconsdelacreuse.fr\/annuaires\/wp-json\/wp\/v2\/media?parent=15817"}],"wp:term":[{"taxonomy":"category","embeddable":true,"href":"https:\/\/www.lesmaconsdelacreuse.fr\/annuaires\/wp-json\/wp\/v2\/categories?post=15817"},{"taxonomy":"post_tag","embeddable":true,"href":"https:\/\/www.lesmaconsdelacreuse.fr\/annuaires\/wp-json\/wp\/v2\/tags?post=15817"}],"curies":[{"name":"wp","href":"https:\/\/api.w.org\/{rel}","templated":true}]}}