{"id":15828,"date":"2019-07-28T17:39:37","date_gmt":"2019-07-28T15:39:37","guid":{"rendered":"http:\/\/lesmaconsdelacreuse.fr\/annuaire\/?p=15828"},"modified":"2020-01-20T11:18:03","modified_gmt":"2020-01-20T10:18:03","slug":"g_9","status":"publish","type":"post","link":"https:\/\/www.lesmaconsdelacreuse.fr\/annuaires\/lettre-g\/g_9\/","title":{"rendered":"GAGAILLE Barth\u00e9l\u00e9my (1815\u2013entre 1854 et 1874)"},"content":{"rendered":"<p class=\"last-updated\"><strong>Mis \u00e0 jour le :<\/strong> 25\/04\/2026<\/p><h2 style=\"text-align: center;\"><strong>Barth\u00e9l\u00e9my GAGAILLE<\/strong><\/h2>\n<p style=\"text-align: center;\"><strong>1815 \u2013 entre 1854 et 1874<\/strong><\/p>\n<p style=\"text-align: center;\"><img decoding=\"async\" title=\"\" src=\"https:\/\/lesmaconsdelacreuse.fr\/annuaire\/wp-content\/uploads\/2019\/07\/image1-3873.jpg\" alt=\"\" data-source-id=\"i.0\" data-asset-id=\"15826\" \/><\/p>\n<h4 style=\"text-align: center;\"><span style=\"color: #008000;\"><strong>ma\u00e7on <\/strong>et<strong> cultivateur<\/strong><\/span><\/h4>\n<p style=\"text-align: center;\">n\u00e9 \u00e0 Montamier (Saint-Moreil)<\/p>\n<p style=\"text-align: center;\">le 18 mai 1815<\/p>\n<p style=\"text-align: center;\">fils de<\/p>\n<p style=\"text-align: center;\">Antoine GAGAILLE \/ Th\u00e9r\u00e8se POUYAUD<\/p>\n<p style=\"text-align: center;\">propri\u00e9taires cultivateurs<\/p>\n<p style=\"text-align: center;\"><span style=\"color: #ffffff;\">\u25d9<\/span><\/p>\n<p><em>Barth\u00e9l\u00e9my \u00e9pouse Jeanne <\/em><strong>SAZY<\/strong><em> le 21 f\u00e9vrier <\/em><strong>1843<\/strong><em> \u00e0 Saint-Julien-le-Petit (87).<\/em><\/p>\n<p><em> Ils habitent d\u2019abord La Gorce, m\u00eame commune.<\/em><\/p>\n<p><strong>En 1854<\/strong><em>, ils sont \u00e0 Montamier.<\/em><\/p>\n","protected":false},"excerpt":{"rendered":"<p>Mis \u00e0 jour le : 25\/04\/2026Barth\u00e9l\u00e9my GAGAILLE 1815 \u2013 entre 1854 et 1874 ma\u00e7on et cultivateur n\u00e9 \u00e0 Montamier (Saint-Moreil) le 18 mai 1815 fils de Antoine GAGAILLE \/ Th\u00e9r\u00e8se POUYAUD propri\u00e9taires cultivateurs \u25d9 Barth\u00e9l\u00e9my \u00e9pouse Jeanne SAZY le 21 f\u00e9vrier 1843 \u00e0 Saint-Julien-le-Petit (87). Ils habitent d\u2019abord La Gorce, m\u00eame commune. En 1854, ils ..<\/p>\n<div class=\"clear-fix\"><\/div>\n<p><a href=\"https:\/\/www.lesmaconsdelacreuse.fr\/annuaires\/lettre-g\/g_9\/\" title=\"Lire la suite...\">Lire la suite<\/a><\/p>\n","protected":false},"author":6,"featured_media":0,"comment_status":"closed","ping_status":"closed","sticky":false,"template":"","format":"standard","meta":{"_acf_changed":false,"_exactmetrics_skip_tracking":false,"_exactmetrics_sitenote_active":false,"_exactmetrics_sitenote_note":"","_exactmetrics_sitenote_category":0,"footnotes":""},"categories":[16],"tags":[],"class_list":["post-15828","post","type-post","status-publish","format-standard","hentry","category-lettre-g"],"acf":[],"_links":{"self":[{"href":"https:\/\/www.lesmaconsdelacreuse.fr\/annuaires\/wp-json\/wp\/v2\/posts\/15828","targetHints":{"allow":["GET"]}}],"collection":[{"href":"https:\/\/www.lesmaconsdelacreuse.fr\/annuaires\/wp-json\/wp\/v2\/posts"}],"about":[{"href":"https:\/\/www.lesmaconsdelacreuse.fr\/annuaires\/wp-json\/wp\/v2\/types\/post"}],"author":[{"embeddable":true,"href":"https:\/\/www.lesmaconsdelacreuse.fr\/annuaires\/wp-json\/wp\/v2\/users\/6"}],"replies":[{"embeddable":true,"href":"https:\/\/www.lesmaconsdelacreuse.fr\/annuaires\/wp-json\/wp\/v2\/comments?post=15828"}],"version-history":[{"count":0,"href":"https:\/\/www.lesmaconsdelacreuse.fr\/annuaires\/wp-json\/wp\/v2\/posts\/15828\/revisions"}],"wp:attachment":[{"href":"https:\/\/www.lesmaconsdelacreuse.fr\/annuaires\/wp-json\/wp\/v2\/media?parent=15828"}],"wp:term":[{"taxonomy":"category","embeddable":true,"href":"https:\/\/www.lesmaconsdelacreuse.fr\/annuaires\/wp-json\/wp\/v2\/categories?post=15828"},{"taxonomy":"post_tag","embeddable":true,"href":"https:\/\/www.lesmaconsdelacreuse.fr\/annuaires\/wp-json\/wp\/v2\/tags?post=15828"}],"curies":[{"name":"wp","href":"https:\/\/api.w.org\/{rel}","templated":true}]}}