{"id":15832,"date":"2019-07-28T17:39:36","date_gmt":"2019-07-28T15:39:36","guid":{"rendered":"http:\/\/lesmaconsdelacreuse.fr\/annuaire\/?p=15832"},"modified":"2020-10-11T09:50:08","modified_gmt":"2020-10-11T07:50:08","slug":"g_1","status":"publish","type":"post","link":"https:\/\/www.lesmaconsdelacreuse.fr\/annuaires\/lettre-g\/g_1\/","title":{"rendered":"GABELOU Blaise (1763\u2013entre 1808 et 1811)"},"content":{"rendered":"<p class=\"last-updated\"><strong>Mis \u00e0 jour le :<\/strong> 25\/04\/2026<\/p><h2 style=\"text-align: center;\"><strong>Blaise GABELOU<\/strong><\/h2>\n<p style=\"text-align: center;\"><strong>1763 \u2013 entre 1808 et 1811<\/strong><\/p>\n<p style=\"text-align: center;\"><img decoding=\"async\" title=\"\" src=\"https:\/\/lesmaconsdelacreuse.fr\/annuaire\/wp-content\/uploads\/2019\/07\/image1-3874.jpg\" alt=\"\" data-source-id=\"i.0\" data-asset-id=\"15831\" \/><\/p>\n<h4 style=\"text-align: center;\"><span style=\"color: #008000;\"><strong>ma\u00e7on<\/strong>; <strong>laboureur <\/strong>et<strong> \u25ba<a href=\"https:\/\/www.lesmaconsdelacreuse.fr\/annuaires\/wp-content\/uploads\/2020\/08\/FERMIER-M\u00c9TAYER.png\" target=\"_blank\" rel=\"noopener noreferrer\"><span style=\"color: #008000;\">m\u00e9tayer<\/span><\/a><br \/>\n<\/strong><\/span><\/h4>\n<p>&nbsp;<\/p>\n<p style=\"text-align: center;\">n\u00e9 \u00e0 Colombeix (Saint-Amand-Jartoudeix)<\/p>\n<p style=\"text-align: center;\">le 4 avril 1763<\/p>\n<p style=\"text-align: center;\">fils de<\/p>\n<p style=\"text-align: center;\">Jean GABELOU \/ Marie RENARD<\/p>\n<p style=\"text-align: center;\">m\u00e9tayers<\/p>\n<p style=\"text-align: center;\"><span style=\"color: #ffffff;\">\u25d9<\/span><\/p>\n<p><em>Blaise \u00e9pouse Fran\u00e7oise <\/em><strong>REDONDEAU<\/strong><em> le 5 f\u00e9vrier <\/em><strong>1782<\/strong><em> \u00e0 Saint-Martin-Ch\u00e2teau (contrat Coutisson \u00e0 Roy\u00e8re). Ils habitent La Cour-de-Rozet, paroisse de Saint-Pardoux-Lavaud. <\/em><\/p>\n<p><em>Fran\u00e7oise d\u00e9c\u00e8de \u00e0 Neuvialle, paroisse de Saint-Martin, le 7 frimaire an XIII (28 novembre <\/em><strong>1804<\/strong><em>), \u00e2g\u00e9e de 39 ans. <\/em><\/p>\n<p><em>Blaise se remarie le 6 vent\u00f4se an XIII (25 f\u00e9vrier <\/em><strong>1805<\/strong><em>) \u00e0 Saint-Martin avec L\u00e9onarde <\/em><strong>MEILLAT<\/strong><em> (contrat Dumasfaure). <\/em><\/p>\n<p><em>Veuve, L\u00e9onarde se remarie <\/em><strong>en 1812<\/strong><em> avec Jean PITANCE, et d\u00e9c\u00e8de le 3 ao\u00fbt 1814 \u00e0 Favareillas, \u00e2g\u00e9e de 48 ans.<\/em><\/p>\n<p>&nbsp;<\/p>\n","protected":false},"excerpt":{"rendered":"<p>Mis \u00e0 jour le : 25\/04\/2026Blaise GABELOU 1763 \u2013 entre 1808 et 1811 ma\u00e7on; laboureur et \u25bam\u00e9tayer &nbsp; n\u00e9 \u00e0 Colombeix (Saint-Amand-Jartoudeix) le 4 avril 1763 fils de Jean GABELOU \/ Marie RENARD m\u00e9tayers \u25d9 Blaise \u00e9pouse Fran\u00e7oise REDONDEAU le 5 f\u00e9vrier 1782 \u00e0 Saint-Martin-Ch\u00e2teau (contrat Coutisson \u00e0 Roy\u00e8re). Ils habitent La Cour-de-Rozet, paroisse de ..<\/p>\n<div class=\"clear-fix\"><\/div>\n<p><a href=\"https:\/\/www.lesmaconsdelacreuse.fr\/annuaires\/lettre-g\/g_1\/\" title=\"Lire la suite...\">Lire la suite<\/a><\/p>\n","protected":false},"author":6,"featured_media":0,"comment_status":"closed","ping_status":"closed","sticky":false,"template":"","format":"standard","meta":{"_acf_changed":false,"_exactmetrics_skip_tracking":false,"_exactmetrics_sitenote_active":false,"_exactmetrics_sitenote_note":"","_exactmetrics_sitenote_category":0,"footnotes":""},"categories":[16],"tags":[],"class_list":["post-15832","post","type-post","status-publish","format-standard","hentry","category-lettre-g"],"acf":[],"_links":{"self":[{"href":"https:\/\/www.lesmaconsdelacreuse.fr\/annuaires\/wp-json\/wp\/v2\/posts\/15832","targetHints":{"allow":["GET"]}}],"collection":[{"href":"https:\/\/www.lesmaconsdelacreuse.fr\/annuaires\/wp-json\/wp\/v2\/posts"}],"about":[{"href":"https:\/\/www.lesmaconsdelacreuse.fr\/annuaires\/wp-json\/wp\/v2\/types\/post"}],"author":[{"embeddable":true,"href":"https:\/\/www.lesmaconsdelacreuse.fr\/annuaires\/wp-json\/wp\/v2\/users\/6"}],"replies":[{"embeddable":true,"href":"https:\/\/www.lesmaconsdelacreuse.fr\/annuaires\/wp-json\/wp\/v2\/comments?post=15832"}],"version-history":[{"count":0,"href":"https:\/\/www.lesmaconsdelacreuse.fr\/annuaires\/wp-json\/wp\/v2\/posts\/15832\/revisions"}],"wp:attachment":[{"href":"https:\/\/www.lesmaconsdelacreuse.fr\/annuaires\/wp-json\/wp\/v2\/media?parent=15832"}],"wp:term":[{"taxonomy":"category","embeddable":true,"href":"https:\/\/www.lesmaconsdelacreuse.fr\/annuaires\/wp-json\/wp\/v2\/categories?post=15832"},{"taxonomy":"post_tag","embeddable":true,"href":"https:\/\/www.lesmaconsdelacreuse.fr\/annuaires\/wp-json\/wp\/v2\/tags?post=15832"}],"curies":[{"name":"wp","href":"https:\/\/api.w.org\/{rel}","templated":true}]}}