{"id":15840,"date":"2019-07-28T17:39:36","date_gmt":"2019-07-28T15:39:36","guid":{"rendered":"http:\/\/lesmaconsdelacreuse.fr\/annuaire\/?p=15840"},"modified":"2020-01-20T11:18:03","modified_gmt":"2020-01-20T10:18:03","slug":"g_12","status":"publish","type":"post","link":"https:\/\/www.lesmaconsdelacreuse.fr\/annuaires\/lettre-g\/g_12\/","title":{"rendered":"GAGAILLE Jean (1833\u20131890)"},"content":{"rendered":"<p class=\"last-updated\"><strong>Mis \u00e0 jour le :<\/strong> 25\/04\/2026<\/p><h2 style=\"text-align: center;\"><strong>Jean GAGAILLE<\/strong><\/h2>\n<p style=\"text-align: center;\"><strong>1833 \u2013 1890<\/strong><\/p>\n<p style=\"text-align: center;\"><img decoding=\"async\" title=\"\" src=\"https:\/\/lesmaconsdelacreuse.fr\/annuaire\/wp-content\/uploads\/2019\/07\/image1-3877.jpg\" alt=\"\" data-source-id=\"i.0\" data-asset-id=\"15839\" \/><\/p>\n<h4 style=\"text-align: center;\"><span style=\"color: #008000;\"><strong>ma\u00e7on<\/strong><\/span><\/h4>\n<p style=\"text-align: center;\">n\u00e9 \u00e0 Montamier (Saint-Moreil)<\/p>\n<p style=\"text-align: center;\">le 23 octobre 1833<\/p>\n<p style=\"text-align: center;\">fils de<\/p>\n<p style=\"text-align: center;\">Jean GAGAILLE,<span style=\"color: #008000;\"><strong> ma\u00e7on <\/strong><\/span><strong>\/ <\/strong>Jeanne GUILLEBAUD<\/p>\n<p style=\"text-align: center;\">propri\u00e9taires cultivateurs<\/p>\n<p style=\"text-align: center;\"><span style=\"color: #ffffff;\">\u25d9<\/span><\/p>\n<p><strong>En 1854<\/strong><em>, Jean, travaillant \u00e0 <\/em><span style=\"color: #0000ff;\"><strong>Lyon (69)<\/strong><\/span><em>, est dispens\u00e9 de service militaire pour d\u00e9faut de taille (1m50).<\/em><\/p>\n<p><strong>En 1864<\/strong><em>, il loge 9, rue de l\u2019Arbal\u00e8te.<\/em><\/p>\n<p><em>Il \u00e9pouse Marie <\/em><strong>FORRON<\/strong><em>, tailleuse native de l\u2019Ain, le 20 f\u00e9vrier de la m\u00eame ann\u00e9e \u00e0 Lyon 5e (mari\u00e9s sans contrat).<\/em><\/p>\n<p><strong>En 1865<\/strong><em>, ils habitent 1, Petite Rue Tramassac, dans le 5e\u00a0arrondissement\u00a0;<\/em><\/p>\n<p><strong>en 1866<\/strong><em>, 46, rue Saint-Jean, m\u00eame arrondissement.<\/em><\/p>\n<p><em>Jean d\u00e9c\u00e8de en leur domicile 9, rue de l\u2019Arbal\u00e8te, le 28 septembre <\/em><strong>1890<\/strong><em>, \u00e2g\u00e9 de 56 ans.<\/em><\/p>\n","protected":false},"excerpt":{"rendered":"<p>Mis \u00e0 jour le : 25\/04\/2026Jean GAGAILLE 1833 \u2013 1890 ma\u00e7on n\u00e9 \u00e0 Montamier (Saint-Moreil) le 23 octobre 1833 fils de Jean GAGAILLE, ma\u00e7on \/ Jeanne GUILLEBAUD propri\u00e9taires cultivateurs \u25d9 En 1854, Jean, travaillant \u00e0 Lyon (69), est dispens\u00e9 de service militaire pour d\u00e9faut de taille (1m50). En 1864, il loge 9, rue de l\u2019Arbal\u00e8te. ..<\/p>\n<div class=\"clear-fix\"><\/div>\n<p><a href=\"https:\/\/www.lesmaconsdelacreuse.fr\/annuaires\/lettre-g\/g_12\/\" title=\"Lire la suite...\">Lire la suite<\/a><\/p>\n","protected":false},"author":6,"featured_media":0,"comment_status":"closed","ping_status":"closed","sticky":false,"template":"","format":"standard","meta":{"_acf_changed":false,"_exactmetrics_skip_tracking":false,"_exactmetrics_sitenote_active":false,"_exactmetrics_sitenote_note":"","_exactmetrics_sitenote_category":0,"footnotes":""},"categories":[16],"tags":[],"class_list":["post-15840","post","type-post","status-publish","format-standard","hentry","category-lettre-g"],"acf":[],"_links":{"self":[{"href":"https:\/\/www.lesmaconsdelacreuse.fr\/annuaires\/wp-json\/wp\/v2\/posts\/15840","targetHints":{"allow":["GET"]}}],"collection":[{"href":"https:\/\/www.lesmaconsdelacreuse.fr\/annuaires\/wp-json\/wp\/v2\/posts"}],"about":[{"href":"https:\/\/www.lesmaconsdelacreuse.fr\/annuaires\/wp-json\/wp\/v2\/types\/post"}],"author":[{"embeddable":true,"href":"https:\/\/www.lesmaconsdelacreuse.fr\/annuaires\/wp-json\/wp\/v2\/users\/6"}],"replies":[{"embeddable":true,"href":"https:\/\/www.lesmaconsdelacreuse.fr\/annuaires\/wp-json\/wp\/v2\/comments?post=15840"}],"version-history":[{"count":0,"href":"https:\/\/www.lesmaconsdelacreuse.fr\/annuaires\/wp-json\/wp\/v2\/posts\/15840\/revisions"}],"wp:attachment":[{"href":"https:\/\/www.lesmaconsdelacreuse.fr\/annuaires\/wp-json\/wp\/v2\/media?parent=15840"}],"wp:term":[{"taxonomy":"category","embeddable":true,"href":"https:\/\/www.lesmaconsdelacreuse.fr\/annuaires\/wp-json\/wp\/v2\/categories?post=15840"},{"taxonomy":"post_tag","embeddable":true,"href":"https:\/\/www.lesmaconsdelacreuse.fr\/annuaires\/wp-json\/wp\/v2\/tags?post=15840"}],"curies":[{"name":"wp","href":"https:\/\/api.w.org\/{rel}","templated":true}]}}