{"id":15846,"date":"2019-07-28T17:39:35","date_gmt":"2019-07-28T15:39:35","guid":{"rendered":"http:\/\/lesmaconsdelacreuse.fr\/annuaire\/?p=15846"},"modified":"2022-03-30T18:02:38","modified_gmt":"2022-03-30T16:02:38","slug":"g_7","status":"publish","type":"post","link":"https:\/\/www.lesmaconsdelacreuse.fr\/annuaires\/lettre-g\/g_7\/","title":{"rendered":"GADINAUD Fran\u00e7ois (1867\u20131919)"},"content":{"rendered":"<p class=\"last-updated\"><strong>Mis \u00e0 jour le :<\/strong> 25\/04\/2026<\/p><h2 style=\"text-align: center;\"><strong>Fran\u00e7ois GADINAUD<\/strong><\/h2>\n<p style=\"text-align: center;\"><strong>1867 \u2013 1919<\/strong><\/p>\n<p style=\"text-align: center;\"><img loading=\"lazy\" decoding=\"async\" class=\"\" title=\"\" src=\"https:\/\/lesmaconsdelacreuse.fr\/annuaire\/wp-content\/uploads\/2019\/07\/image1-3878.jpg\" alt=\"\" width=\"300\" height=\"75\" data-source-id=\"i.0\" data-asset-id=\"15845\" \/><\/p>\n<h4 style=\"text-align: center;\"><span style=\"color: #008000;\"><strong>ma\u00e7on <\/strong>et<strong> cultivateur<\/strong><\/span><\/h4>\n<p style=\"text-align: center;\">n\u00e9 aux Condamines (Peyrat-le-Ch\u00e2teau 87)<\/p>\n<p style=\"text-align: center;\">le 26 ao\u00fbt 1867<\/p>\n<p style=\"text-align: center;\">fils de<\/p>\n<p style=\"text-align: center;\">Jean GADINAUD \/ Louise TRUFFY<\/p>\n<p style=\"text-align: center;\">cultivateurs<\/p>\n<p style=\"text-align: center;\"><span style=\"color: #ffffff;\">\u25d9<\/span><\/p>\n<p><strong>En 1888<\/strong><em>, lors du conseil de r\u00e9vision, Fran\u00e7ois, pr\u00e9sentant une taie centrale de la corn\u00e9e gauche, est vers\u00e9 dans les services auxiliaires.<\/em><\/p>\n<p><strong>En 1892<\/strong><em>, il travaille \u00e0 <\/em><span style=\"color: #0000ff;\"><strong>Villeurbanne (69)<\/strong><\/span><em>, logeant 48, cours Lafayette.<\/em><\/p>\n<p><em>Il \u00e9pouse Louise Catherine <\/em><strong>TRUCHASSOUX<\/strong><em>, tisserande, le 9 f\u00e9vrier <\/em><strong>1895<\/strong><em> \u00e0 Saint-Martin-Ch\u00e2teau (contrat Brenac \u00e0 Eymoutiers). <\/em><\/p>\n<p><em>Le couple habite d&rsquo;abord le village de La Clavelle, commune de Saint-Martin. <\/em><\/p>\n<p><strong>D\u00e8s 1898<\/strong><em>, ils sont ensemble \u00e0 Villeurbanne, habitant rue Magenta.<\/em><\/p>\n<p><em>\u00a0<\/em><em>Habitant toujours \u00e0 cette adresse, Fran\u00e7ois d\u00e9c\u00e8de le 31 octobre <\/em><strong>1919<\/strong><em>, \u00e2g\u00e9 de 52 ans.<\/em><\/p>\n","protected":false},"excerpt":{"rendered":"<p>Mis \u00e0 jour le : 25\/04\/2026Fran\u00e7ois GADINAUD 1867 \u2013 1919 ma\u00e7on et cultivateur n\u00e9 aux Condamines (Peyrat-le-Ch\u00e2teau 87) le 26 ao\u00fbt 1867 fils de Jean GADINAUD \/ Louise TRUFFY cultivateurs \u25d9 En 1888, lors du conseil de r\u00e9vision, Fran\u00e7ois, pr\u00e9sentant une taie centrale de la corn\u00e9e gauche, est vers\u00e9 dans les services auxiliaires. En 1892, ..<\/p>\n<div class=\"clear-fix\"><\/div>\n<p><a href=\"https:\/\/www.lesmaconsdelacreuse.fr\/annuaires\/lettre-g\/g_7\/\" title=\"Lire la suite...\">Lire la suite<\/a><\/p>\n","protected":false},"author":6,"featured_media":0,"comment_status":"closed","ping_status":"closed","sticky":false,"template":"","format":"standard","meta":{"_acf_changed":false,"_exactmetrics_skip_tracking":false,"_exactmetrics_sitenote_active":false,"_exactmetrics_sitenote_note":"","_exactmetrics_sitenote_category":0,"footnotes":""},"categories":[16],"tags":[],"class_list":["post-15846","post","type-post","status-publish","format-standard","hentry","category-lettre-g"],"acf":[],"_links":{"self":[{"href":"https:\/\/www.lesmaconsdelacreuse.fr\/annuaires\/wp-json\/wp\/v2\/posts\/15846","targetHints":{"allow":["GET"]}}],"collection":[{"href":"https:\/\/www.lesmaconsdelacreuse.fr\/annuaires\/wp-json\/wp\/v2\/posts"}],"about":[{"href":"https:\/\/www.lesmaconsdelacreuse.fr\/annuaires\/wp-json\/wp\/v2\/types\/post"}],"author":[{"embeddable":true,"href":"https:\/\/www.lesmaconsdelacreuse.fr\/annuaires\/wp-json\/wp\/v2\/users\/6"}],"replies":[{"embeddable":true,"href":"https:\/\/www.lesmaconsdelacreuse.fr\/annuaires\/wp-json\/wp\/v2\/comments?post=15846"}],"version-history":[{"count":2,"href":"https:\/\/www.lesmaconsdelacreuse.fr\/annuaires\/wp-json\/wp\/v2\/posts\/15846\/revisions"}],"predecessor-version":[{"id":196741,"href":"https:\/\/www.lesmaconsdelacreuse.fr\/annuaires\/wp-json\/wp\/v2\/posts\/15846\/revisions\/196741"}],"wp:attachment":[{"href":"https:\/\/www.lesmaconsdelacreuse.fr\/annuaires\/wp-json\/wp\/v2\/media?parent=15846"}],"wp:term":[{"taxonomy":"category","embeddable":true,"href":"https:\/\/www.lesmaconsdelacreuse.fr\/annuaires\/wp-json\/wp\/v2\/categories?post=15846"},{"taxonomy":"post_tag","embeddable":true,"href":"https:\/\/www.lesmaconsdelacreuse.fr\/annuaires\/wp-json\/wp\/v2\/tags?post=15846"}],"curies":[{"name":"wp","href":"https:\/\/api.w.org\/{rel}","templated":true}]}}