{"id":15848,"date":"2019-07-28T17:39:35","date_gmt":"2019-07-28T15:39:35","guid":{"rendered":"http:\/\/lesmaconsdelacreuse.fr\/annuaire\/?p=15848"},"modified":"2020-01-20T11:18:04","modified_gmt":"2020-01-20T10:18:04","slug":"g_45","status":"publish","type":"post","link":"https:\/\/www.lesmaconsdelacreuse.fr\/annuaires\/lettre-g\/g_45\/","title":{"rendered":"GANNAT Jean (1762\u20131840)"},"content":{"rendered":"<p class=\"last-updated\"><strong>Mis \u00e0 jour le :<\/strong> 25\/04\/2026<\/p><h2 style=\"text-align: center;\"><strong>Jean GANNAT<\/strong><\/h2>\n<p style=\"text-align: center;\"><strong>1762 \u2013 1840<\/strong><\/p>\n<p style=\"text-align: center;\"><img decoding=\"async\" title=\"\" src=\"https:\/\/lesmaconsdelacreuse.fr\/annuaire\/wp-content\/uploads\/2019\/07\/image1-3879.jpg\" alt=\"\" data-source-id=\"i.0\" data-asset-id=\"15847\" \/><\/p>\n<h4 style=\"text-align: center;\"><span style=\"color: #008000;\"><strong>ma\u00e7on <\/strong>et <strong>propri\u00e9taire cultivateur<\/strong><\/span><\/h4>\n<p style=\"text-align: center;\">n\u00e9 au bourg de Saint-Moreil<\/p>\n<p style=\"text-align: center;\">le 28 mars 1762<\/p>\n<p style=\"text-align: center;\">fils de<\/p>\n<p style=\"text-align: center;\">L\u00e9onard GANNAT \/ L\u00e9onarde CHAVANT<\/p>\n<p style=\"text-align: center;\"><span style=\"color: #ffffff;\">\u25d9<\/span><\/p>\n<p><em>Jean \u00e9pouse Jeanne <\/em><strong>DUTHEIL<\/strong><em> le 18 janvier <\/em><strong>1785<\/strong><em> \u00e0 Saint-Moreil. Ils habitent Montamier, m\u00eame paroisse.<\/em><\/p>\n<p><em>Jeanne y d\u00e9c\u00e8de le 24 vend\u00e9miaire an XI (16 octobre <\/em><strong>1802<\/strong><em>), \u00e2g\u00e9e de 32 ans.<\/em><\/p>\n<p><em> Jean se remarie avec Anne <\/em><strong>MARTEAU<\/strong><em>, veuve de Jean JOUANY, le 17 niv\u00f4se an XI (7 janvier <\/em><strong>1803<\/strong><em>) aussi \u00e0 Saint-Moreil. Ils habitent \u00e9galement Montamier.<\/em><\/p>\n<p><em> Ils y d\u00e9c\u00e8dent\u00a0:<\/em><\/p>\n<ul>\n<li><em> Anne, 26 mars <\/em><strong>1837<\/strong><em>, \u00e2g\u00e9e de 66 ans<\/em><\/li>\n<li><em> Jean, le 4 ao\u00fbt <\/em><strong>1840<\/strong><em>, \u00e2g\u00e9 de 78 ans<\/em><\/li>\n<\/ul>\n","protected":false},"excerpt":{"rendered":"<p>Mis \u00e0 jour le : 25\/04\/2026Jean GANNAT 1762 \u2013 1840 ma\u00e7on et propri\u00e9taire cultivateur n\u00e9 au bourg de Saint-Moreil le 28 mars 1762 fils de L\u00e9onard GANNAT \/ L\u00e9onarde CHAVANT \u25d9 Jean \u00e9pouse Jeanne DUTHEIL le 18 janvier 1785 \u00e0 Saint-Moreil. Ils habitent Montamier, m\u00eame paroisse. Jeanne y d\u00e9c\u00e8de le 24 vend\u00e9miaire an XI (16 ..<\/p>\n<div class=\"clear-fix\"><\/div>\n<p><a href=\"https:\/\/www.lesmaconsdelacreuse.fr\/annuaires\/lettre-g\/g_45\/\" title=\"Lire la suite...\">Lire la suite<\/a><\/p>\n","protected":false},"author":6,"featured_media":0,"comment_status":"closed","ping_status":"closed","sticky":false,"template":"","format":"standard","meta":{"_acf_changed":false,"_exactmetrics_skip_tracking":false,"_exactmetrics_sitenote_active":false,"_exactmetrics_sitenote_note":"","_exactmetrics_sitenote_category":0,"footnotes":""},"categories":[16],"tags":[],"class_list":["post-15848","post","type-post","status-publish","format-standard","hentry","category-lettre-g"],"acf":[],"_links":{"self":[{"href":"https:\/\/www.lesmaconsdelacreuse.fr\/annuaires\/wp-json\/wp\/v2\/posts\/15848","targetHints":{"allow":["GET"]}}],"collection":[{"href":"https:\/\/www.lesmaconsdelacreuse.fr\/annuaires\/wp-json\/wp\/v2\/posts"}],"about":[{"href":"https:\/\/www.lesmaconsdelacreuse.fr\/annuaires\/wp-json\/wp\/v2\/types\/post"}],"author":[{"embeddable":true,"href":"https:\/\/www.lesmaconsdelacreuse.fr\/annuaires\/wp-json\/wp\/v2\/users\/6"}],"replies":[{"embeddable":true,"href":"https:\/\/www.lesmaconsdelacreuse.fr\/annuaires\/wp-json\/wp\/v2\/comments?post=15848"}],"version-history":[{"count":0,"href":"https:\/\/www.lesmaconsdelacreuse.fr\/annuaires\/wp-json\/wp\/v2\/posts\/15848\/revisions"}],"wp:attachment":[{"href":"https:\/\/www.lesmaconsdelacreuse.fr\/annuaires\/wp-json\/wp\/v2\/media?parent=15848"}],"wp:term":[{"taxonomy":"category","embeddable":true,"href":"https:\/\/www.lesmaconsdelacreuse.fr\/annuaires\/wp-json\/wp\/v2\/categories?post=15848"},{"taxonomy":"post_tag","embeddable":true,"href":"https:\/\/www.lesmaconsdelacreuse.fr\/annuaires\/wp-json\/wp\/v2\/tags?post=15848"}],"curies":[{"name":"wp","href":"https:\/\/api.w.org\/{rel}","templated":true}]}}