{"id":170766,"date":"2020-03-27T12:42:30","date_gmt":"2020-03-27T11:42:30","guid":{"rendered":"https:\/\/www.lesmaconsdelacreuse.fr\/annuaires\/?p=170766"},"modified":"2020-10-02T15:08:59","modified_gmt":"2020-10-02T13:08:59","slug":"delard-pierre-1861-apres-1885","status":"publish","type":"post","link":"https:\/\/www.lesmaconsdelacreuse.fr\/annuaires\/lettre-d\/delard-pierre-1861-apres-1885\/","title":{"rendered":"DELARD Pierre (1861-apr\u00e8s 1885)"},"content":{"rendered":"<p class=\"last-updated\"><strong>Mis \u00e0 jour le :<\/strong> 30\/04\/2026<\/p><h2 style=\"text-align: center;\"><strong>Pierre DELARD<\/strong><\/h2>\n<p style=\"text-align: center;\"><strong>Louis DELARD<\/strong><\/p>\n<p style=\"text-align: center;\"><strong>1861 &#8211; apr\u00e8s 1885<\/strong><\/p>\n<h4 style=\"text-align: center;\"><span style=\"color: #008000;\"><strong>ma\u00e7on<\/strong><\/span><\/h4>\n<p>&nbsp;<\/p>\n<p style=\"text-align: center;\">n\u00e9 \u00e0 Lyon 5e<\/p>\n<p style=\"text-align: center;\">le 4 avril 1861<\/p>\n<p style=\"text-align: center;\">fils de<\/p>\n<p style=\"text-align: center;\">Pierre DELARD, <span style=\"color: #008000;\"><strong>ma\u00e7on<\/strong><\/span> \/ Marie LAPRADE<\/p>\n<p style=\"text-align: center;\"><strong><span style=\"color: #008000;\"><em>\u25ba<a href=\"https:\/\/www.lesmaconsdelacreuse.fr\/annuaires\/wp-content\/uploads\/2020\/08\/LOGEUR-LOGEUSE.png\">logeurs<\/a><\/em><\/span><\/strong><\/p>\n<p style=\"text-align: center;\"><span style=\"color: #ffffff;\">\u00b6<\/span><\/p>\n<p><strong>En 1885<\/strong>, <em>Louis, \u00ab\u00a0ma\u00e7on de Lachaud\u00a0\u00bb, est \u00e0<\/em> <span style=\"color: #0000ff;\"><strong>Lyon (69)<\/strong><\/span> <em>et habite quartier de Vaise, rue Saint-Pierre, num\u00e9ro 48.<\/em><\/p>\n<p style=\"text-align: center;\"><span style=\"color: #ffffff;\">\u00b6<\/span><\/p>\n","protected":false},"excerpt":{"rendered":"<p>Mis \u00e0 jour le : 30\/04\/2026Pierre DELARD Louis DELARD 1861 &#8211; apr\u00e8s 1885 ma\u00e7on &nbsp; n\u00e9 \u00e0 Lyon 5e le 4 avril 1861 fils de Pierre DELARD, ma\u00e7on \/ Marie LAPRADE \u25balogeurs \u00b6 En 1885, Louis, \u00ab\u00a0ma\u00e7on de Lachaud\u00a0\u00bb, est \u00e0 Lyon (69) et habite quartier de Vaise, rue Saint-Pierre, num?..<\/p>\n<div class=\"clear-fix\"><\/div>\n<p><a href=\"https:\/\/www.lesmaconsdelacreuse.fr\/annuaires\/lettre-d\/delard-pierre-1861-apres-1885\/\" title=\"Lire la suite...\">Lire la suite<\/a><\/p>\n","protected":false},"author":6,"featured_media":0,"comment_status":"closed","ping_status":"closed","sticky":false,"template":"","format":"standard","meta":{"_acf_changed":false,"_exactmetrics_skip_tracking":false,"_exactmetrics_sitenote_active":false,"_exactmetrics_sitenote_note":"","_exactmetrics_sitenote_category":0,"footnotes":""},"categories":[17],"tags":[],"class_list":["post-170766","post","type-post","status-publish","format-standard","hentry","category-lettre-d"],"acf":[],"_links":{"self":[{"href":"https:\/\/www.lesmaconsdelacreuse.fr\/annuaires\/wp-json\/wp\/v2\/posts\/170766","targetHints":{"allow":["GET"]}}],"collection":[{"href":"https:\/\/www.lesmaconsdelacreuse.fr\/annuaires\/wp-json\/wp\/v2\/posts"}],"about":[{"href":"https:\/\/www.lesmaconsdelacreuse.fr\/annuaires\/wp-json\/wp\/v2\/types\/post"}],"author":[{"embeddable":true,"href":"https:\/\/www.lesmaconsdelacreuse.fr\/annuaires\/wp-json\/wp\/v2\/users\/6"}],"replies":[{"embeddable":true,"href":"https:\/\/www.lesmaconsdelacreuse.fr\/annuaires\/wp-json\/wp\/v2\/comments?post=170766"}],"version-history":[{"count":0,"href":"https:\/\/www.lesmaconsdelacreuse.fr\/annuaires\/wp-json\/wp\/v2\/posts\/170766\/revisions"}],"wp:attachment":[{"href":"https:\/\/www.lesmaconsdelacreuse.fr\/annuaires\/wp-json\/wp\/v2\/media?parent=170766"}],"wp:term":[{"taxonomy":"category","embeddable":true,"href":"https:\/\/www.lesmaconsdelacreuse.fr\/annuaires\/wp-json\/wp\/v2\/categories?post=170766"},{"taxonomy":"post_tag","embeddable":true,"href":"https:\/\/www.lesmaconsdelacreuse.fr\/annuaires\/wp-json\/wp\/v2\/tags?post=170766"}],"curies":[{"name":"wp","href":"https:\/\/api.w.org\/{rel}","templated":true}]}}