{"id":170789,"date":"2020-03-27T16:43:29","date_gmt":"2020-03-27T15:43:29","guid":{"rendered":"https:\/\/www.lesmaconsdelacreuse.fr\/annuaires\/?p=170789"},"modified":"2020-09-03T17:46:19","modified_gmt":"2020-09-03T15:46:19","slug":"detheve-francois-vers-1767-1847","status":"publish","type":"post","link":"https:\/\/www.lesmaconsdelacreuse.fr\/annuaires\/lettre-d\/detheve-francois-vers-1767-1847\/","title":{"rendered":"DETH\u00c8VE Fran\u00e7ois (vers 1767-1847)"},"content":{"rendered":"<p class=\"last-updated\"><strong>Mis \u00e0 jour le :<\/strong> 27\/04\/2026<\/p><h2 style=\"text-align: center;\"><strong>Fran\u00e7ois DETH\u00c8VE<\/strong><\/h2>\n<p style=\"text-align: center;\"><strong>vers 1767-1847<\/strong><\/p>\n<p style=\"text-align: center;\"><a href=\"https:\/\/www.lesmaconsdelacreuse.fr\/annuaires\/wp-content\/uploads\/2020\/07\/ne-sait-pas-signer.jpg\"><img loading=\"lazy\" decoding=\"async\" class=\"alignnone size-full wp-image-174596\" src=\"https:\/\/www.lesmaconsdelacreuse.fr\/annuaires\/wp-content\/uploads\/2020\/07\/ne-sait-pas-signer.jpg\" alt=\"\" width=\"156\" height=\"31\" srcset=\"https:\/\/www.lesmaconsdelacreuse.fr\/annuaires\/wp-content\/uploads\/2020\/07\/ne-sait-pas-signer.jpg 156w, https:\/\/www.lesmaconsdelacreuse.fr\/annuaires\/wp-content\/uploads\/2020\/07\/ne-sait-pas-signer-150x30.jpg 150w\" sizes=\"auto, (max-width: 156px) 100vw, 156px\" \/><\/a><\/p>\n<p>&nbsp;<\/p>\n<h4 style=\"text-align: center;\"><span style=\"color: #008000;\"><strong>ma\u00e7on et propri\u00e9taire cultivateur<\/strong><\/span><\/h4>\n<p style=\"text-align: center;\">n\u00e9 \u00e0 Cessinas (Saint-Marc-\u00e0-Loubaud) ?<\/p>\n<p style=\"text-align: center;\">vers 1767<\/p>\n<p style=\"text-align: center;\">fils de<\/p>\n<p style=\"text-align: center;\">Pierre DETH\u00c8VE \/ Marguerite TOURAUD<\/p>\n<p style=\"text-align: center;\">laboureurs<\/p>\n<p style=\"text-align: center;\"><span style=\"color: #ffffff;\">\u00b6<\/span><\/p>\n<p><em>Fran\u00e7ois \u00e9pouse Jeanne<\/em> <strong>MOURAUD<\/strong> <em>le 21 f\u00e9vrier<\/em> <strong>1791<\/strong><em> \u00e0 Saint-Pierre-le-Bost. Ils habitent Aurioux, m\u00eame paroisse.<\/em><\/p>\n<p>\u25ba<a href=\"https:\/\/www.lesmaconsdelacreuse.fr\/annuaires\/wp-content\/uploads\/2020\/03\/1828-Adjudication-de-travaux-\u00e0-l\u00e9glise-et-au-presbyt\u00e8re-de-Roy\u00e8re.pdf\" target=\"_blank\" rel=\"noopener noreferrer\">En 1828<\/a><em>, Fran\u00e7ois participe \u00e0 l\u2019adjudication de travaux \u00e0 <\/em><em>\u25ba<\/em><em><a href=\"https:\/\/www.lesmaconsdelacreuse.fr\/annuaires\/wp-content\/uploads\/2020\/03\/ROYERE-l\u00e9glise.jpg\" target=\"_blank\" rel=\"noopener noreferrer\">l\u2019\u00e9glise<\/a> et au presbyt\u00e8re de Roy\u00e8re, mais ce n\u2019est pas lui qui l\u2019emporte.<\/em><\/p>\n<p><em>\u00a0<\/em><\/p>\n<p><em>Il d\u00e9c\u00e8de \u00e0 Aurioux le 22 f\u00e9vrier <\/em><strong>1847,<\/strong><em> \u00e2g\u00e9 de 80 ans environ.<\/em><\/p>\n<p>&nbsp;<\/p>\n","protected":false},"excerpt":{"rendered":"<p>Mis \u00e0 jour le : 27\/04\/2026Fran\u00e7ois DETH\u00c8VE vers 1767-1847 &nbsp; ma\u00e7on et propri\u00e9taire cultivateur n\u00e9 \u00e0 Cessinas (Saint-Marc-\u00e0-Loubaud) ? vers 1767 fils de Pierre DETH\u00c8VE \/ Marguerite TOURAUD laboureurs \u00b6 Fran\u00e7ois \u00e9pouse Jeanne MOURAUD le 21 f\u00e9vrier 1791 \u00e0 Saint-Pierre-le-Bost. Ils habitent Aurioux, m\u00eame paroisse. \u25baEn 1828, Fran\u00e7ois participe \u00e0 l\u2019adjudication de travaux \u00e0 \u25bal\u2019\u00e9glise ..<\/p>\n<div class=\"clear-fix\"><\/div>\n<p><a href=\"https:\/\/www.lesmaconsdelacreuse.fr\/annuaires\/lettre-d\/detheve-francois-vers-1767-1847\/\" title=\"Lire la suite...\">Lire la suite<\/a><\/p>\n","protected":false},"author":6,"featured_media":0,"comment_status":"closed","ping_status":"closed","sticky":false,"template":"","format":"standard","meta":{"_acf_changed":false,"_exactmetrics_skip_tracking":false,"_exactmetrics_sitenote_active":false,"_exactmetrics_sitenote_note":"","_exactmetrics_sitenote_category":0,"footnotes":""},"categories":[17],"tags":[],"class_list":["post-170789","post","type-post","status-publish","format-standard","hentry","category-lettre-d"],"acf":[],"_links":{"self":[{"href":"https:\/\/www.lesmaconsdelacreuse.fr\/annuaires\/wp-json\/wp\/v2\/posts\/170789","targetHints":{"allow":["GET"]}}],"collection":[{"href":"https:\/\/www.lesmaconsdelacreuse.fr\/annuaires\/wp-json\/wp\/v2\/posts"}],"about":[{"href":"https:\/\/www.lesmaconsdelacreuse.fr\/annuaires\/wp-json\/wp\/v2\/types\/post"}],"author":[{"embeddable":true,"href":"https:\/\/www.lesmaconsdelacreuse.fr\/annuaires\/wp-json\/wp\/v2\/users\/6"}],"replies":[{"embeddable":true,"href":"https:\/\/www.lesmaconsdelacreuse.fr\/annuaires\/wp-json\/wp\/v2\/comments?post=170789"}],"version-history":[{"count":0,"href":"https:\/\/www.lesmaconsdelacreuse.fr\/annuaires\/wp-json\/wp\/v2\/posts\/170789\/revisions"}],"wp:attachment":[{"href":"https:\/\/www.lesmaconsdelacreuse.fr\/annuaires\/wp-json\/wp\/v2\/media?parent=170789"}],"wp:term":[{"taxonomy":"category","embeddable":true,"href":"https:\/\/www.lesmaconsdelacreuse.fr\/annuaires\/wp-json\/wp\/v2\/categories?post=170789"},{"taxonomy":"post_tag","embeddable":true,"href":"https:\/\/www.lesmaconsdelacreuse.fr\/annuaires\/wp-json\/wp\/v2\/tags?post=170789"}],"curies":[{"name":"wp","href":"https:\/\/api.w.org\/{rel}","templated":true}]}}