{"id":170877,"date":"2020-03-28T14:33:55","date_gmt":"2020-03-28T13:33:55","guid":{"rendered":"https:\/\/www.lesmaconsdelacreuse.fr\/annuaires\/?p=170877"},"modified":"2020-09-17T10:07:49","modified_gmt":"2020-09-17T08:07:49","slug":"salmet-francois-1849-apres-1901","status":"publish","type":"post","link":"https:\/\/www.lesmaconsdelacreuse.fr\/annuaires\/lettre-s\/salmet-francois-1849-apres-1901\/","title":{"rendered":"SALMET Fran\u00e7ois (1849-apr\u00e8s 1901)"},"content":{"rendered":"<p class=\"last-updated\"><strong>Mis \u00e0 jour le :<\/strong> 30\/04\/2026<\/p><h2 style=\"text-align: center;\"><strong>Fran\u00e7ois SALMET<\/strong><\/h2>\n<p style=\"text-align: center;\"><strong>1849 &#8211; apr\u00e8s 1901<\/strong><\/p>\n<p><a href=\"https:\/\/www.lesmaconsdelacreuse.fr\/annuaires\/wp-content\/uploads\/2020\/03\/salmet.jpg\"><img loading=\"lazy\" decoding=\"async\" class=\" wp-image-178863 aligncenter\" src=\"https:\/\/www.lesmaconsdelacreuse.fr\/annuaires\/wp-content\/uploads\/2020\/03\/salmet.jpg\" alt=\"\" width=\"188\" height=\"64\" srcset=\"https:\/\/www.lesmaconsdelacreuse.fr\/annuaires\/wp-content\/uploads\/2020\/03\/salmet.jpg 153w, https:\/\/www.lesmaconsdelacreuse.fr\/annuaires\/wp-content\/uploads\/2020\/03\/salmet-150x51.jpg 150w\" sizes=\"auto, (max-width: 188px) 100vw, 188px\" \/><\/a><\/p>\n<p>&nbsp;<\/p>\n<h4 style=\"text-align: center;\"><span style=\"color: #008000;\"><strong>entrepreneur de ma\u00e7onnerie<\/strong><\/span><\/h4>\n<p style=\"text-align: center;\">n\u00e9 au bourg de Morterolles<\/p>\n<p style=\"text-align: center;\">le 2 f\u00e9vrier 1849<\/p>\n<p style=\"text-align: center;\">fils de<\/p>\n<p style=\"text-align: center;\">Pierre SALMET, <span style=\"color: #008000;\"><strong>ma\u00e7on<\/strong><\/span> \/ Marie CHAMPEYMOND<\/p>\n<p style=\"text-align: center;\">propri\u00e9taires cultivateurs<\/p>\n<p style=\"text-align: center;\"><span style=\"color: #ffffff;\">\u00b6<\/span><\/p>\n<p><strong>D\u00e8s 1872<\/strong>, <em>Fran\u00e7ois travaille \u00e0<\/em> <span style=\"color: #0000ff;\"><strong>Lyon (69)<\/strong><\/span> <em>\u00ab\u00a0pour subvenir aux besoins de sa famille\u00a0\u00bb.<\/em><\/p>\n<p><span style=\"color: #008000;\"><strong>Ma\u00e7on<\/strong><\/span>,<em> il \u00e9pouse Marie<\/em> <strong>FAURY<\/strong><em> le 24 f\u00e9vrier<\/em> <strong>1873<\/strong> <em>\u00e0 Soubrebost (contrat Bonnenfant \u00e0 Bourganeuf). Ils habitent le bourg de Morterolles.<\/em><\/p>\n<p><em>Marie d\u00e9c\u00e8de \u00e0 Morterolles le 9 mars <\/em><strong>1877<\/strong><em>, \u00e2g\u00e9e de 26 ans.<\/em><\/p>\n<p>Fran\u00e7ois se remarie \u00e0 Lyon 2e le 12 f\u00e9vrier <strong>1884,<\/strong> avec Claudine Louise <strong>P\u00c9RAGOUX<\/strong><em>, <\/em>cuisini\u00e8re (contrat Perrin \u00e0 Sainte-Foy-l\u00e8s-Lyon). A ce moment, il est domicili\u00e9 chez ses parents, \u00e0 Morterolles.<\/p>\n<p><strong>En 1901<\/strong>, <em>il est <\/em><span style=\"color: #008000;\"><strong>entrepreneur de ma\u00e7onnerie<\/strong><\/span><em> \u00e0 Lyon, 48, chemin de l&rsquo;\u00c9toile d&rsquo;Ala\u00ef.<\/em><\/p>\n<p>&nbsp;<\/p>\n","protected":false},"excerpt":{"rendered":"<p>Mis \u00e0 jour le : 30\/04\/2026Fran\u00e7ois SALMET 1849 &#8211; apr\u00e8s 1901 &nbsp; entrepreneur de ma\u00e7onnerie n\u00e9 au bourg de Morterolles le 2 f\u00e9vrier 1849 fils de Pierre SALMET, ma\u00e7on \/ Marie CHAMPEYMOND propri\u00e9taires cultivateurs \u00b6 D\u00e8s 1872, Fran\u00e7ois travaille \u00e0 Lyon (69) \u00ab\u00a0pour subvenir aux besoins de sa famille\u00a0\u00bb. Ma\u00e7on, il \u00e9pouse Marie FAURY le ..<\/p>\n<div class=\"clear-fix\"><\/div>\n<p><a href=\"https:\/\/www.lesmaconsdelacreuse.fr\/annuaires\/lettre-s\/salmet-francois-1849-apres-1901\/\" title=\"Lire la suite...\">Lire la suite<\/a><\/p>\n","protected":false},"author":6,"featured_media":0,"comment_status":"closed","ping_status":"closed","sticky":false,"template":"","format":"standard","meta":{"_acf_changed":false,"_exactmetrics_skip_tracking":false,"_exactmetrics_sitenote_active":false,"_exactmetrics_sitenote_note":"","_exactmetrics_sitenote_category":0,"footnotes":""},"categories":[12],"tags":[],"class_list":["post-170877","post","type-post","status-publish","format-standard","hentry","category-lettre-s"],"acf":[],"_links":{"self":[{"href":"https:\/\/www.lesmaconsdelacreuse.fr\/annuaires\/wp-json\/wp\/v2\/posts\/170877","targetHints":{"allow":["GET"]}}],"collection":[{"href":"https:\/\/www.lesmaconsdelacreuse.fr\/annuaires\/wp-json\/wp\/v2\/posts"}],"about":[{"href":"https:\/\/www.lesmaconsdelacreuse.fr\/annuaires\/wp-json\/wp\/v2\/types\/post"}],"author":[{"embeddable":true,"href":"https:\/\/www.lesmaconsdelacreuse.fr\/annuaires\/wp-json\/wp\/v2\/users\/6"}],"replies":[{"embeddable":true,"href":"https:\/\/www.lesmaconsdelacreuse.fr\/annuaires\/wp-json\/wp\/v2\/comments?post=170877"}],"version-history":[{"count":0,"href":"https:\/\/www.lesmaconsdelacreuse.fr\/annuaires\/wp-json\/wp\/v2\/posts\/170877\/revisions"}],"wp:attachment":[{"href":"https:\/\/www.lesmaconsdelacreuse.fr\/annuaires\/wp-json\/wp\/v2\/media?parent=170877"}],"wp:term":[{"taxonomy":"category","embeddable":true,"href":"https:\/\/www.lesmaconsdelacreuse.fr\/annuaires\/wp-json\/wp\/v2\/categories?post=170877"},{"taxonomy":"post_tag","embeddable":true,"href":"https:\/\/www.lesmaconsdelacreuse.fr\/annuaires\/wp-json\/wp\/v2\/tags?post=170877"}],"curies":[{"name":"wp","href":"https:\/\/api.w.org\/{rel}","templated":true}]}}