{"id":170885,"date":"2020-03-28T15:09:55","date_gmt":"2020-03-28T14:09:55","guid":{"rendered":"https:\/\/www.lesmaconsdelacreuse.fr\/annuaires\/?p=170885"},"modified":"2020-09-17T10:09:09","modified_gmt":"2020-09-17T08:09:09","slug":"salmet-francois-1861-1917","status":"publish","type":"post","link":"https:\/\/www.lesmaconsdelacreuse.fr\/annuaires\/lettre-s\/salmet-francois-1861-1917\/","title":{"rendered":"SALMET Fran\u00e7ois (1861-1917)"},"content":{"rendered":"<p class=\"last-updated\"><strong>Mis \u00e0 jour le :<\/strong> 30\/04\/2026<\/p><h2 style=\"text-align: center;\"><strong>Fran\u00e7ois SALMET<\/strong><\/h2>\n<p style=\"text-align: center;\"><strong>1861 &#8211; 1917<\/strong><\/p>\n<p style=\"text-align: center;\"><a href=\"https:\/\/www.lesmaconsdelacreuse.fr\/annuaires\/wp-content\/uploads\/2020\/03\/salmet-F.jpg\"><img loading=\"lazy\" decoding=\"async\" class=\"alignnone size-full wp-image-178865\" src=\"https:\/\/www.lesmaconsdelacreuse.fr\/annuaires\/wp-content\/uploads\/2020\/03\/salmet-F.jpg\" alt=\"\" width=\"276\" height=\"122\" srcset=\"https:\/\/www.lesmaconsdelacreuse.fr\/annuaires\/wp-content\/uploads\/2020\/03\/salmet-F.jpg 276w, https:\/\/www.lesmaconsdelacreuse.fr\/annuaires\/wp-content\/uploads\/2020\/03\/salmet-F-150x66.jpg 150w\" sizes=\"auto, (max-width: 276px) 100vw, 276px\" \/><\/a><\/p>\n<p>&nbsp;<\/p>\n<h4 style=\"text-align: center;\"><span style=\"color: #008000;\"><strong>ma\u00e7on et propri\u00e9taire cultivateur<\/strong><\/span><\/h4>\n<p style=\"text-align: center;\">n\u00e9 au bourg de Morterolles<\/p>\n<p style=\"text-align: center;\">le 5 octobre 1861<\/p>\n<p style=\"text-align: center;\">fils de<\/p>\n<p style=\"text-align: center;\">L\u00e9onard SALMET, <span style=\"color: #008000;\"><strong>ma\u00e7on<\/strong><\/span> \/ Jeanne PAROT<\/p>\n<p style=\"text-align: center;\">propri\u00e9taires cultivateurs<\/p>\n<p style=\"text-align: center;\"><span style=\"color: #ffffff;\">\u00b6<\/span><\/p>\n<p><strong>En 1886<\/strong>,<em> Fran\u00e7ois est condamn\u00e9 par le conseil de guerre \u00e0 un an de prison pour vol au pr\u00e9judice de militaires.<\/em><\/p>\n<p><em>Il \u00e9pouse Marie <\/em><strong>BAUDY<\/strong><em> le 28 f\u00e9vrier <\/em><strong>1889<\/strong><em> \u00e0 Saint-Pierre-le-Bost (contrat Toumieux \u00e0 Roy\u00e8re). Ils habitent le bourg de Morterolles.<\/em><\/p>\n<p><em>La m\u00eame ann\u00e9e, Fran\u00e7ois travaille \u00e0<\/em> <span style=\"color: #0000ff;\"><strong>Lyon (69)<\/strong><\/span> <em>et loge 8, chemin des Aqueducs des Massues;<\/em><\/p>\n<p><strong>en 1890<\/strong>, <em>71, chemin de l&rsquo;\u00c9toile d&rsquo;Ala\u00ef.<\/em><\/p>\n<p><strong>En 1891<\/strong>, <em>ils sont tous deux \u00e0 Lyon 2e;<\/em><\/p>\n<p><strong>en 1898<\/strong>, <em>rue Saint-Pierre-de-Vaise.<\/em><\/p>\n<p><strong>En 1902<\/strong>, <em>Fran\u00e7ois est r\u00e9form\u00e9 pour bronchite chronique.<\/em><\/p>\n<p><em>Les \u00e9poux d\u00e9c\u00e8dent:<\/em><\/p>\n<p><em>&#8211; Fran\u00e7ois, \u00e0 Saint-Pierre-le-Bost, le 2 d\u00e9cembre <\/em><strong>1917<\/strong><em>, \u00e2g\u00e9 de 56 ans<\/em><\/p>\n<p><em>&#8211; Marie, \u00e0 Thauron, le 5 avril <\/em><strong>1949<\/strong><em>, \u00e2g\u00e9e de 79 ans<\/em><\/p>\n<p>&nbsp;<\/p>\n","protected":false},"excerpt":{"rendered":"<p>Mis \u00e0 jour le : 30\/04\/2026Fran\u00e7ois SALMET 1861 &#8211; 1917 &nbsp; ma\u00e7on et propri\u00e9taire cultivateur n\u00e9 au bourg de Morterolles le 5 octobre 1861 fils de L\u00e9onard SALMET, ma\u00e7on \/ Jeanne PAROT propri\u00e9taires cultivateurs \u00b6 En 1886, Fran\u00e7ois est condamn\u00e9 par le conseil de guerre \u00e0 un an de prison pour vol au pr\u00e9judice de ..<\/p>\n<div class=\"clear-fix\"><\/div>\n<p><a href=\"https:\/\/www.lesmaconsdelacreuse.fr\/annuaires\/lettre-s\/salmet-francois-1861-1917\/\" title=\"Lire la suite...\">Lire la suite<\/a><\/p>\n","protected":false},"author":6,"featured_media":0,"comment_status":"closed","ping_status":"closed","sticky":false,"template":"","format":"standard","meta":{"_acf_changed":false,"_exactmetrics_skip_tracking":false,"_exactmetrics_sitenote_active":false,"_exactmetrics_sitenote_note":"","_exactmetrics_sitenote_category":0,"footnotes":""},"categories":[12],"tags":[],"class_list":["post-170885","post","type-post","status-publish","format-standard","hentry","category-lettre-s"],"acf":[],"_links":{"self":[{"href":"https:\/\/www.lesmaconsdelacreuse.fr\/annuaires\/wp-json\/wp\/v2\/posts\/170885","targetHints":{"allow":["GET"]}}],"collection":[{"href":"https:\/\/www.lesmaconsdelacreuse.fr\/annuaires\/wp-json\/wp\/v2\/posts"}],"about":[{"href":"https:\/\/www.lesmaconsdelacreuse.fr\/annuaires\/wp-json\/wp\/v2\/types\/post"}],"author":[{"embeddable":true,"href":"https:\/\/www.lesmaconsdelacreuse.fr\/annuaires\/wp-json\/wp\/v2\/users\/6"}],"replies":[{"embeddable":true,"href":"https:\/\/www.lesmaconsdelacreuse.fr\/annuaires\/wp-json\/wp\/v2\/comments?post=170885"}],"version-history":[{"count":0,"href":"https:\/\/www.lesmaconsdelacreuse.fr\/annuaires\/wp-json\/wp\/v2\/posts\/170885\/revisions"}],"wp:attachment":[{"href":"https:\/\/www.lesmaconsdelacreuse.fr\/annuaires\/wp-json\/wp\/v2\/media?parent=170885"}],"wp:term":[{"taxonomy":"category","embeddable":true,"href":"https:\/\/www.lesmaconsdelacreuse.fr\/annuaires\/wp-json\/wp\/v2\/categories?post=170885"},{"taxonomy":"post_tag","embeddable":true,"href":"https:\/\/www.lesmaconsdelacreuse.fr\/annuaires\/wp-json\/wp\/v2\/tags?post=170885"}],"curies":[{"name":"wp","href":"https:\/\/api.w.org\/{rel}","templated":true}]}}