{"id":170940,"date":"2020-03-28T16:27:11","date_gmt":"2020-03-28T15:27:11","guid":{"rendered":"https:\/\/www.lesmaconsdelacreuse.fr\/annuaires\/?p=170940"},"modified":"2022-02-16T20:18:00","modified_gmt":"2022-02-16T19:18:00","slug":"sartout-pierre-1878-apres-1919","status":"publish","type":"post","link":"https:\/\/www.lesmaconsdelacreuse.fr\/annuaires\/lettre-s\/sartout-pierre-1878-apres-1919\/","title":{"rendered":"SARTOUT Pierre (1878-1838)"},"content":{"rendered":"<p class=\"last-updated\"><strong>Mis \u00e0 jour le :<\/strong> 30\/04\/2026<\/p><h2 style=\"text-align: center;\"><strong>Pierre SARTOUT<\/strong><\/h2>\n<p style=\"text-align: center;\"><strong>1878 &#8211; 1838<\/strong><\/p>\n<p style=\"text-align: center;\"><a href=\"https:\/\/www.lesmaconsdelacreuse.fr\/annuaires\/wp-content\/uploads\/2020\/03\/sartout.jpg\"><img loading=\"lazy\" decoding=\"async\" class=\"alignnone size-full wp-image-178868\" src=\"https:\/\/www.lesmaconsdelacreuse.fr\/annuaires\/wp-content\/uploads\/2020\/03\/sartout.jpg\" alt=\"\" width=\"213\" height=\"47\" srcset=\"https:\/\/www.lesmaconsdelacreuse.fr\/annuaires\/wp-content\/uploads\/2020\/03\/sartout.jpg 213w, https:\/\/www.lesmaconsdelacreuse.fr\/annuaires\/wp-content\/uploads\/2020\/03\/sartout-150x33.jpg 150w\" sizes=\"auto, (max-width: 213px) 100vw, 213px\" \/><\/a><\/p>\n<p>&nbsp;<\/p>\n<h4 style=\"text-align: center;\"><span style=\"color: #008000;\"><strong>ma\u00e7on<\/strong><\/span><\/h4>\n<p style=\"text-align: center;\">n\u00e9 \u00e0 La Vedrenne (Saint-Moreil)<\/p>\n<p style=\"text-align: center;\">le 13 d\u00e9cembre 1878<\/p>\n<p style=\"text-align: center;\">fils de<\/p>\n<p style=\"text-align: center;\">Michel SARTOUT, <strong><span style=\"color: #008000;\">ma\u00e7on<\/span><\/strong> et menuisier<\/p>\n<p style=\"text-align: center;\">Marie LACOUR, cultivatrice<\/p>\n<p style=\"text-align: center;\"><span style=\"color: #ffffff;\">\u00b6<\/span><\/p>\n<p><strong>En 1899<\/strong>, <em>Pierre travaille dans la <\/em><span style=\"color: #0000ff;\"><strong>Seine<\/strong> <\/span><em>et y passe le conseil de r\u00e9vision.<\/em><\/p>\n<p><em>Il \u00e9pouse Anna <\/em><strong>LEFORT<\/strong><em> le 28 f\u00e9vrier <\/em><strong>1905<\/strong><em> \u00e0 Saint-Moreil (contrat Berger \u00e0 Bourganeuf). Ils habitent d&rsquo;abord la Vedrenne.<\/em><\/p>\n<p><em>Pierre travaille \u00e0 <\/em><span style=\"color: #0000ff;\"><strong>Paris (75)<\/strong> <\/span><em>et loge:<\/em><\/p>\n<p style=\"text-align: left;\"><strong>en 1905,<\/strong><em> 110, rue Legendre, 17e arrondissement; <\/em><\/p>\n<p style=\"text-align: left;\"><strong>en 1912<\/strong><em>, 10, rue Beautaillis.<\/em><\/p>\n<p style=\"text-align: left;\"><strong>En 1913<\/strong><em>, les \u00e9poux sont ensemble \u00e0 Paris, 12, rue Saint-Florentin, et Anna est concierge.<\/em><\/p>\n<p><em>Ils d\u00e9c\u00e8dent \u00e0 La Vedrenne:<\/em><\/p>\n<ul>\n<li><em>Anna le 21 septembre<\/em> <strong>1937<\/strong>, <em>\u00e2g\u00e9e de 51 ans<\/em><\/li>\n<li><em>Pierre le 4 juillet<\/em> <strong>1938<\/strong>, <em>\u00e2g\u00e9 de 59 ans<\/em><\/li>\n<\/ul>\n<p>&nbsp;<\/p>\n","protected":false},"excerpt":{"rendered":"<p>Mis \u00e0 jour le : 30\/04\/2026Pierre SARTOUT 1878 &#8211; 1838 &nbsp; ma\u00e7on n\u00e9 \u00e0 La Vedrenne (Saint-Moreil) le 13 d\u00e9cembre 1878 fils de Michel SARTOUT, ma\u00e7on et menuisier Marie LACOUR, cultivatrice \u00b6 En 1899, Pierre travaille dans la Seine et y passe le conseil de r\u00e9vision. Il \u00e9pouse Anna LEFORT le 28 f\u00e9vrier 1905 \u00e0 ..<\/p>\n<div class=\"clear-fix\"><\/div>\n<p><a href=\"https:\/\/www.lesmaconsdelacreuse.fr\/annuaires\/lettre-s\/sartout-pierre-1878-apres-1919\/\" title=\"Lire la suite...\">Lire la suite<\/a><\/p>\n","protected":false},"author":6,"featured_media":0,"comment_status":"closed","ping_status":"closed","sticky":false,"template":"","format":"standard","meta":{"_acf_changed":false,"_exactmetrics_skip_tracking":false,"_exactmetrics_sitenote_active":false,"_exactmetrics_sitenote_note":"","_exactmetrics_sitenote_category":0,"footnotes":""},"categories":[12],"tags":[],"class_list":["post-170940","post","type-post","status-publish","format-standard","hentry","category-lettre-s"],"acf":[],"_links":{"self":[{"href":"https:\/\/www.lesmaconsdelacreuse.fr\/annuaires\/wp-json\/wp\/v2\/posts\/170940","targetHints":{"allow":["GET"]}}],"collection":[{"href":"https:\/\/www.lesmaconsdelacreuse.fr\/annuaires\/wp-json\/wp\/v2\/posts"}],"about":[{"href":"https:\/\/www.lesmaconsdelacreuse.fr\/annuaires\/wp-json\/wp\/v2\/types\/post"}],"author":[{"embeddable":true,"href":"https:\/\/www.lesmaconsdelacreuse.fr\/annuaires\/wp-json\/wp\/v2\/users\/6"}],"replies":[{"embeddable":true,"href":"https:\/\/www.lesmaconsdelacreuse.fr\/annuaires\/wp-json\/wp\/v2\/comments?post=170940"}],"version-history":[{"count":3,"href":"https:\/\/www.lesmaconsdelacreuse.fr\/annuaires\/wp-json\/wp\/v2\/posts\/170940\/revisions"}],"predecessor-version":[{"id":195035,"href":"https:\/\/www.lesmaconsdelacreuse.fr\/annuaires\/wp-json\/wp\/v2\/posts\/170940\/revisions\/195035"}],"wp:attachment":[{"href":"https:\/\/www.lesmaconsdelacreuse.fr\/annuaires\/wp-json\/wp\/v2\/media?parent=170940"}],"wp:term":[{"taxonomy":"category","embeddable":true,"href":"https:\/\/www.lesmaconsdelacreuse.fr\/annuaires\/wp-json\/wp\/v2\/categories?post=170940"},{"taxonomy":"post_tag","embeddable":true,"href":"https:\/\/www.lesmaconsdelacreuse.fr\/annuaires\/wp-json\/wp\/v2\/tags?post=170940"}],"curies":[{"name":"wp","href":"https:\/\/api.w.org\/{rel}","templated":true}]}}