{"id":170961,"date":"2020-03-28T17:33:07","date_gmt":"2020-03-28T16:33:07","guid":{"rendered":"https:\/\/www.lesmaconsdelacreuse.fr\/annuaires\/?p=170961"},"modified":"2020-10-03T17:09:36","modified_gmt":"2020-10-03T15:09:36","slug":"sautour-jean-1868-1949","status":"publish","type":"post","link":"https:\/\/www.lesmaconsdelacreuse.fr\/annuaires\/lettre-s\/sautour-jean-1868-1949\/","title":{"rendered":"SAUTOUR Jean (1868-1949)"},"content":{"rendered":"<p class=\"last-updated\"><strong>Mis \u00e0 jour le :<\/strong> 30\/04\/2026<\/p><h2 style=\"text-align: center;\"><strong>Jean SAUTOUR<\/strong><\/h2>\n<p style=\"text-align: center;\"><strong>1868 &#8211; 1949<\/strong><\/p>\n<p style=\"text-align: center;\"><a href=\"https:\/\/www.lesmaconsdelacreuse.fr\/annuaires\/wp-content\/uploads\/2020\/03\/sautour-Je.jpg\"><img loading=\"lazy\" decoding=\"async\" class=\"alignnone wp-image-178875\" src=\"https:\/\/www.lesmaconsdelacreuse.fr\/annuaires\/wp-content\/uploads\/2020\/03\/sautour-Je.jpg\" alt=\"\" width=\"166\" height=\"66\" \/><\/a><\/p>\n<p>&nbsp;<\/p>\n<h4 style=\"text-align: center;\"><span style=\"color: #008000;\"><strong>ma\u00e7on, <em>\u25ba<\/em> <a href=\"https:\/\/www.lesmaconsdelacreuse.fr\/annuaires\/wp-content\/uploads\/2020\/07\/FUMISTE.png\" target=\"_blank\" rel=\"noopener noreferrer\"><span style=\"color: #008000;\">fumiste<\/span><\/a> industriel et propri\u00e9taire<\/strong><\/span><\/h4>\n<p>&nbsp;<\/p>\n<p style=\"text-align: center;\">n\u00e9 \u00e0 Masgrangeas (Roy\u00e8re)<\/p>\n<p style=\"text-align: center;\">22 novembre 1868<\/p>\n<p style=\"text-align: center;\">fils de<\/p>\n<p style=\"text-align: center;\">L\u00e9onard SAUTOUR, <strong><span style=\"color: #008000;\">ma\u00e7on<\/span><\/strong> \/ Jeanne \u00c9lisabeth JAGOT<\/p>\n<p style=\"text-align: center;\">propri\u00e9taires cultivateurs<\/p>\n<p style=\"text-align: center;\"><span style=\"color: #ffffff;\">\u00b6<\/span><\/p>\n<p><strong>En 1889<\/strong><em>, Jean <\/em><span style=\"color: #008000;\"><strong>ma\u00e7on<\/strong><\/span><em>, passe le conseil de r\u00e9vision; il est vers\u00e9 dans les services auxiliaires pour b\u00e9gaiement.<\/em><\/p>\n<p><em>La m\u00eame ann\u00e9e, il travaille \u00e0 <\/em><span style=\"color: #0000ff;\"><strong>Lyon (69)<\/strong><\/span><em>, et loge 19, rue Bossuet.<\/em><\/p>\n<p><span style=\"color: #008000;\"><strong>Fumiste<\/strong><\/span><em>, il \u00e9pouse Louise <\/em><strong>JAGOT<\/strong><em>, institutrice, le 11 f\u00e9vrier <\/em><strong>1892<\/strong><em> \u00e0 Roy\u00e8re (contrat Toumieux). Ils habitent Verdinas, m\u00eame commune.<\/em><\/p>\n<p><strong>En 1892<\/strong><em>, Jean est \u00e0 <\/em><strong><span style=\"color: #ff6600;\">Barcelone (ESPAGNE)<\/span><\/strong><em>, \u00e0 l&rsquo;usine \u00e0 gaz Lebon;<\/em><\/p>\n<p><strong>en 1893<\/strong><em>, de retour rue Bossuet;<\/em><\/p>\n<p><strong>en 1895<\/strong><em>, \u00e0 <\/em><span style=\"color: #0000ff;\"><strong>Puteaux (92)<\/strong><\/span><em>, 30, route Nationale, puis <\/em><span style=\"color: #0000ff;\"><strong>aux Lilas (93)<\/strong><\/span><em>, 117, rue de Paris;<\/em><\/p>\n<p><strong>en 1904<\/strong><em>, \u00e0 <\/em><span style=\"color: #0000ff;\"><strong>Agde (34)<\/strong><\/span><em>, quai du Chapitre;<\/em><\/p>\n<p><strong>en 1914<\/strong><em>, \u00e0 <\/em><span style=\"color: #0000ff;\"><strong>Al\u00e8s (30)<\/strong><\/span><em>;<\/em><\/p>\n<p><strong>en 1917<\/strong><em>, \u00e0 <\/em><span style=\"color: #0000ff;\"><strong>Villard-Bonnot (38)<\/strong><\/span><em>.<\/em><\/p>\n<p><em>Ils d\u00e9c\u00e8dent au Compeix, commune de Saint-Pierre-le-Bost:<\/em><\/p>\n<ul>\n<li><em>Louise, le 19 juillet <\/em><strong>1934<\/strong><em>, \u00e2g\u00e9e de 64 ans<\/em><\/li>\n<li><em>Jean, le 9 f\u00e9vrier <\/em><strong>1949<\/strong><em>, \u00e2g\u00e9 de 80 ans<\/em><\/li>\n<\/ul>\n<p>&nbsp;<\/p>\n","protected":false},"excerpt":{"rendered":"<p>Mis \u00e0 jour le : 30\/04\/2026Jean SAUTOUR 1868 &#8211; 1949 &nbsp; ma\u00e7on, \u25ba fumiste industriel et propri\u00e9taire &nbsp; n\u00e9 \u00e0 Masgrangeas (Roy\u00e8re) 22 novembre 1868 fils de L\u00e9onard SAUTOUR, ma\u00e7on \/ Jeanne \u00c9lisabeth JAGOT propri\u00e9taires cultivateurs \u00b6 En 1889, Jean ma\u00e7on, passe le conseil de r\u00e9vision; il est vers\u00e9 dans les services auxiliaires pour b\u00e9gaiement. ..<\/p>\n<div class=\"clear-fix\"><\/div>\n<p><a href=\"https:\/\/www.lesmaconsdelacreuse.fr\/annuaires\/lettre-s\/sautour-jean-1868-1949\/\" title=\"Lire la suite...\">Lire la suite<\/a><\/p>\n","protected":false},"author":6,"featured_media":0,"comment_status":"closed","ping_status":"closed","sticky":false,"template":"","format":"standard","meta":{"_acf_changed":false,"_exactmetrics_skip_tracking":false,"_exactmetrics_sitenote_active":false,"_exactmetrics_sitenote_note":"","_exactmetrics_sitenote_category":0,"footnotes":""},"categories":[12],"tags":[],"class_list":["post-170961","post","type-post","status-publish","format-standard","hentry","category-lettre-s"],"acf":[],"_links":{"self":[{"href":"https:\/\/www.lesmaconsdelacreuse.fr\/annuaires\/wp-json\/wp\/v2\/posts\/170961","targetHints":{"allow":["GET"]}}],"collection":[{"href":"https:\/\/www.lesmaconsdelacreuse.fr\/annuaires\/wp-json\/wp\/v2\/posts"}],"about":[{"href":"https:\/\/www.lesmaconsdelacreuse.fr\/annuaires\/wp-json\/wp\/v2\/types\/post"}],"author":[{"embeddable":true,"href":"https:\/\/www.lesmaconsdelacreuse.fr\/annuaires\/wp-json\/wp\/v2\/users\/6"}],"replies":[{"embeddable":true,"href":"https:\/\/www.lesmaconsdelacreuse.fr\/annuaires\/wp-json\/wp\/v2\/comments?post=170961"}],"version-history":[{"count":0,"href":"https:\/\/www.lesmaconsdelacreuse.fr\/annuaires\/wp-json\/wp\/v2\/posts\/170961\/revisions"}],"wp:attachment":[{"href":"https:\/\/www.lesmaconsdelacreuse.fr\/annuaires\/wp-json\/wp\/v2\/media?parent=170961"}],"wp:term":[{"taxonomy":"category","embeddable":true,"href":"https:\/\/www.lesmaconsdelacreuse.fr\/annuaires\/wp-json\/wp\/v2\/categories?post=170961"},{"taxonomy":"post_tag","embeddable":true,"href":"https:\/\/www.lesmaconsdelacreuse.fr\/annuaires\/wp-json\/wp\/v2\/tags?post=170961"}],"curies":[{"name":"wp","href":"https:\/\/api.w.org\/{rel}","templated":true}]}}