{"id":170975,"date":"2020-03-28T19:47:44","date_gmt":"2020-03-28T18:47:44","guid":{"rendered":"https:\/\/www.lesmaconsdelacreuse.fr\/annuaires\/?p=170975"},"modified":"2020-03-28T19:47:44","modified_gmt":"2020-03-28T18:47:44","slug":"sauvanot-louis-francois-1866-1953","status":"publish","type":"post","link":"https:\/\/www.lesmaconsdelacreuse.fr\/annuaires\/lettre-s\/sauvanot-louis-francois-1866-1953\/","title":{"rendered":"SAUVANOT Louis Fran\u00e7ois (1866-1953)"},"content":{"rendered":"<p class=\"last-updated\"><strong>Mis \u00e0 jour le :<\/strong> 30\/04\/2026<\/p><h2 style=\"text-align: center;\"><strong>Louis Fran\u00e7ois SAUVANOT<\/strong><\/h2>\n<p style=\"text-align: center;\"><strong>Louis SAUVANOT<\/strong><\/p>\n<p style=\"text-align: center;\"><strong>1866 &#8211; 1953<\/strong><\/p>\n<h4 style=\"text-align: center;\"><span style=\"color: #008000;\"><strong>ma\u00e7on<\/strong><\/span><\/h4>\n<p style=\"text-align: center;\">n\u00e9 au bourg de Vidaillat<\/p>\n<p style=\"text-align: center;\">le 24 f\u00e9vrier 1866<\/p>\n<p style=\"text-align: center;\">fils de<\/p>\n<p style=\"text-align: center;\">Barth\u00e9l\u00e9my SAUVANOT \/ Rose LASVALADAS<\/p>\n<p style=\"text-align: center;\">cultivateurs<\/p>\n<p style=\"text-align: center;\"><span style=\"color: #ffffff;\">\u00b6<\/span><\/p>\n<p><strong>En 1891<\/strong>, <em>Louis travaille \u00e0 <\/em><span style=\"color: #0000ff;\"><strong>Paris (75)<\/strong><\/span><em> et loge 18, rue Gracieuse.<\/em><\/p>\n<p><em>Il \u00e9pouse Marie <\/em><strong>PIQUET<\/strong> <em>le 16 f\u00e9vrier <\/em><strong>1892<\/strong><em> \u00e0 Saint-Junien-la-Breg\u00e8re (mari\u00e9s sans contrat). Ils vivent d&rsquo;abord \u00e0 Labassat, commune de Saint-Junien.<\/em><\/p>\n<p><strong>En octobre 1892<\/strong>, <em>Louis est \u00e0 Paris, 70, rue Mouffetard.<\/em><\/p>\n<p><strong>D\u00e8s 1893<\/strong>, <em>les \u00e9poux habitent Paris 5e;<\/em><\/p>\n<p><strong>en 1896<\/strong>, <em>3, rue du Moulin Vert;<\/em><\/p>\n<p><strong>en 1906 et 1914<\/strong>, <em>35, rue de la Sabli\u00e8re.<\/em><\/p>\n<p><em>Ils d\u00e9c\u00e8dent \u00e0<\/em> <span style=\"color: #0000ff;\"><strong>Malakoff (92):<\/strong><\/span><\/p>\n<ul>\n<li><em>Louis, le 25 f\u00e9vrier <\/em><strong>1953<\/strong><em>, \u00e2g\u00e9 de 87 ans<\/em><\/li>\n<li><em>Marie, le 21 d\u00e9cembre <\/em><strong>1966<\/strong><em>, \u00e2g\u00e9 de 96 ans<\/em><\/li>\n<\/ul>\n<p>&nbsp;<\/p>\n","protected":false},"excerpt":{"rendered":"<p>Mis \u00e0 jour le : 30\/04\/2026Louis Fran\u00e7ois SAUVANOT Louis SAUVANOT 1866 &#8211; 1953 ma\u00e7on n\u00e9 au bourg de Vidaillat le 24 f\u00e9vrier 1866 fils de Barth\u00e9l\u00e9my SAUVANOT \/ Rose LASVALADAS cultivateurs \u00b6 En 1891, Louis travaille \u00e0 Paris (75) et loge 18, rue Gracieuse. Il \u00e9pouse Marie PIQUET le 16 f\u00e9vrier 1892 \u00e0 Saint-Junien-la-Breg\u00e8re (mari\u00e9s ..<\/p>\n<div class=\"clear-fix\"><\/div>\n<p><a href=\"https:\/\/www.lesmaconsdelacreuse.fr\/annuaires\/lettre-s\/sauvanot-louis-francois-1866-1953\/\" title=\"Lire la suite...\">Lire la suite<\/a><\/p>\n","protected":false},"author":6,"featured_media":0,"comment_status":"closed","ping_status":"closed","sticky":false,"template":"","format":"standard","meta":{"_acf_changed":false,"_exactmetrics_skip_tracking":false,"_exactmetrics_sitenote_active":false,"_exactmetrics_sitenote_note":"","_exactmetrics_sitenote_category":0,"footnotes":""},"categories":[12],"tags":[],"class_list":["post-170975","post","type-post","status-publish","format-standard","hentry","category-lettre-s"],"acf":[],"_links":{"self":[{"href":"https:\/\/www.lesmaconsdelacreuse.fr\/annuaires\/wp-json\/wp\/v2\/posts\/170975","targetHints":{"allow":["GET"]}}],"collection":[{"href":"https:\/\/www.lesmaconsdelacreuse.fr\/annuaires\/wp-json\/wp\/v2\/posts"}],"about":[{"href":"https:\/\/www.lesmaconsdelacreuse.fr\/annuaires\/wp-json\/wp\/v2\/types\/post"}],"author":[{"embeddable":true,"href":"https:\/\/www.lesmaconsdelacreuse.fr\/annuaires\/wp-json\/wp\/v2\/users\/6"}],"replies":[{"embeddable":true,"href":"https:\/\/www.lesmaconsdelacreuse.fr\/annuaires\/wp-json\/wp\/v2\/comments?post=170975"}],"version-history":[{"count":0,"href":"https:\/\/www.lesmaconsdelacreuse.fr\/annuaires\/wp-json\/wp\/v2\/posts\/170975\/revisions"}],"wp:attachment":[{"href":"https:\/\/www.lesmaconsdelacreuse.fr\/annuaires\/wp-json\/wp\/v2\/media?parent=170975"}],"wp:term":[{"taxonomy":"category","embeddable":true,"href":"https:\/\/www.lesmaconsdelacreuse.fr\/annuaires\/wp-json\/wp\/v2\/categories?post=170975"},{"taxonomy":"post_tag","embeddable":true,"href":"https:\/\/www.lesmaconsdelacreuse.fr\/annuaires\/wp-json\/wp\/v2\/tags?post=170975"}],"curies":[{"name":"wp","href":"https:\/\/api.w.org\/{rel}","templated":true}]}}