{"id":170980,"date":"2020-03-28T21:08:51","date_gmt":"2020-03-28T20:08:51","guid":{"rendered":"https:\/\/www.lesmaconsdelacreuse.fr\/annuaires\/?p=170980"},"modified":"2020-09-17T10:34:05","modified_gmt":"2020-09-17T08:34:05","slug":"seny-firmin-1903-1961","status":"publish","type":"post","link":"https:\/\/www.lesmaconsdelacreuse.fr\/annuaires\/lettre-s\/seny-firmin-1903-1961\/","title":{"rendered":"SENY Firmin (1903-1961)"},"content":{"rendered":"<p class=\"last-updated\"><strong>Mis \u00e0 jour le :<\/strong> 29\/04\/2026<\/p><h2 style=\"text-align: center;\"><strong>Firmin SENY<\/strong><\/h2>\n<p style=\"text-align: center;\"><strong>1903 &#8211; 1961<\/strong><\/p>\n<p style=\"text-align: center;\"><a href=\"https:\/\/www.lesmaconsdelacreuse.fr\/annuaires\/wp-content\/uploads\/2020\/03\/seny.jpg\"><img loading=\"lazy\" decoding=\"async\" class=\"alignnone size-full wp-image-178892\" src=\"https:\/\/www.lesmaconsdelacreuse.fr\/annuaires\/wp-content\/uploads\/2020\/03\/seny.jpg\" alt=\"\" width=\"213\" height=\"89\" srcset=\"https:\/\/www.lesmaconsdelacreuse.fr\/annuaires\/wp-content\/uploads\/2020\/03\/seny.jpg 213w, https:\/\/www.lesmaconsdelacreuse.fr\/annuaires\/wp-content\/uploads\/2020\/03\/seny-150x63.jpg 150w\" sizes=\"auto, (max-width: 213px) 100vw, 213px\" \/><\/a><\/p>\n<p>&nbsp;<\/p>\n<h4 style=\"text-align: center;\"><span style=\"color: #008000;\"><strong>ma\u00e7on et cultivateur<\/strong><\/span><\/h4>\n<p style=\"text-align: center;\">n\u00e9 \u00e0 Lyon 3e<\/p>\n<p style=\"text-align: center;\">le 3 septembre 1903<\/p>\n<p style=\"text-align: center;\">fils de<\/p>\n<p style=\"text-align: center;\">Eug\u00e8ne SENY, <span style=\"color: #008000;\"><strong>ma\u00e7on<\/strong><\/span> \/ Jeanne Z\u00e9lie CH\u00c2TAIN, cultivatrice<\/p>\n<p style=\"text-align: center;\"><span style=\"color: #ffffff;\">\u00b6<\/span><\/p>\n<p><em>Firmin \u00e9pouse Germaine Louise <\/em><strong>CH\u00c2TAIN <\/strong><em>le 10 mars <\/em><strong>1928<\/strong><em> \u00e0 Roy\u00e8re (mari\u00e9s sans contrat).<\/em><\/p>\n<p><em>Ils habitent Langladure, m\u00eame commune.<\/em><\/p>\n<p><em>Ils y d\u00e9c\u00e8dent:<\/em><\/p>\n<ul>\n<li><em>Germaine, le 14 d\u00e9cembre <\/em><strong>1936<\/strong><em>, \u00e2g\u00e9e de 29 ans<\/em><\/li>\n<li><em>Firmin, le 7 mars <\/em><strong>1961<\/strong><em>, \u00e2g\u00e9 de 57 ans<\/em><\/li>\n<\/ul>\n","protected":false},"excerpt":{"rendered":"<p>Mis \u00e0 jour le : 29\/04\/2026Firmin SENY 1903 &#8211; 1961 &nbsp; ma\u00e7on et cultivateur n\u00e9 \u00e0 Lyon 3e le 3 septembre 1903 fils de Eug\u00e8ne SENY, ma\u00e7on \/ Jeanne Z\u00e9lie CH\u00c2TAIN, cultivatrice \u00b6 Firmin \u00e9pouse Germaine Louise CH\u00c2TAIN le 10 mars 1928 \u00e0 Roy\u00e8re (mari\u00e9s sans contrat). Ils habitent Langladure, m\u00eame commune. Ils y d\u00e9c\u00e8dent: ..<\/p>\n<div class=\"clear-fix\"><\/div>\n<p><a href=\"https:\/\/www.lesmaconsdelacreuse.fr\/annuaires\/lettre-s\/seny-firmin-1903-1961\/\" title=\"Lire la suite...\">Lire la suite<\/a><\/p>\n","protected":false},"author":6,"featured_media":0,"comment_status":"closed","ping_status":"closed","sticky":false,"template":"","format":"standard","meta":{"_acf_changed":false,"_exactmetrics_skip_tracking":false,"_exactmetrics_sitenote_active":false,"_exactmetrics_sitenote_note":"","_exactmetrics_sitenote_category":0,"footnotes":""},"categories":[12],"tags":[],"class_list":["post-170980","post","type-post","status-publish","format-standard","hentry","category-lettre-s"],"acf":[],"_links":{"self":[{"href":"https:\/\/www.lesmaconsdelacreuse.fr\/annuaires\/wp-json\/wp\/v2\/posts\/170980","targetHints":{"allow":["GET"]}}],"collection":[{"href":"https:\/\/www.lesmaconsdelacreuse.fr\/annuaires\/wp-json\/wp\/v2\/posts"}],"about":[{"href":"https:\/\/www.lesmaconsdelacreuse.fr\/annuaires\/wp-json\/wp\/v2\/types\/post"}],"author":[{"embeddable":true,"href":"https:\/\/www.lesmaconsdelacreuse.fr\/annuaires\/wp-json\/wp\/v2\/users\/6"}],"replies":[{"embeddable":true,"href":"https:\/\/www.lesmaconsdelacreuse.fr\/annuaires\/wp-json\/wp\/v2\/comments?post=170980"}],"version-history":[{"count":0,"href":"https:\/\/www.lesmaconsdelacreuse.fr\/annuaires\/wp-json\/wp\/v2\/posts\/170980\/revisions"}],"wp:attachment":[{"href":"https:\/\/www.lesmaconsdelacreuse.fr\/annuaires\/wp-json\/wp\/v2\/media?parent=170980"}],"wp:term":[{"taxonomy":"category","embeddable":true,"href":"https:\/\/www.lesmaconsdelacreuse.fr\/annuaires\/wp-json\/wp\/v2\/categories?post=170980"},{"taxonomy":"post_tag","embeddable":true,"href":"https:\/\/www.lesmaconsdelacreuse.fr\/annuaires\/wp-json\/wp\/v2\/tags?post=170980"}],"curies":[{"name":"wp","href":"https:\/\/api.w.org\/{rel}","templated":true}]}}