{"id":170984,"date":"2020-03-28T23:18:50","date_gmt":"2020-03-28T22:18:50","guid":{"rendered":"https:\/\/www.lesmaconsdelacreuse.fr\/annuaires\/?p=170984"},"modified":"2020-10-02T15:08:13","modified_gmt":"2020-10-02T13:08:13","slug":"ceny-joseph-1843-apres-1894","status":"publish","type":"post","link":"https:\/\/www.lesmaconsdelacreuse.fr\/annuaires\/lettre-c\/ceny-joseph-1843-apres-1894\/","title":{"rendered":"CENY Joseph (1843-apr\u00e8s 1894)"},"content":{"rendered":"<p class=\"last-updated\"><strong>Mis \u00e0 jour le :<\/strong> 29\/04\/2026<\/p><h2 style=\"text-align: center;\"><strong>Joseph C\u00c9NY<\/strong><\/h2>\n<p style=\"text-align: center;\"><strong>1843 &#8211; apr\u00e8s 1894<\/strong><\/p>\n<h4 style=\"text-align: center;\"><span style=\"color: #008000;\"><strong>ma\u00e7on et cultivateur<\/strong><\/span><\/h4>\n<p>&nbsp;<\/p>\n<p style=\"text-align: center;\">n\u00e9 aux Bordes (Roy\u00e8re)<\/p>\n<p style=\"text-align: center;\">le 2 septembre 1843<\/p>\n<p style=\"text-align: center;\">fils de<\/p>\n<p style=\"text-align: center;\">Fran\u00e7ois C\u00c9NY, <strong><span style=\"color: #008000;\">ma\u00e7on<\/span><\/strong> \/ L\u00e9onarde ANDRIEUX<\/p>\n<p style=\"text-align: center;\">propri\u00e9taires cultivateurs<\/p>\n<p style=\"text-align: center;\"><span style=\"color: #ffffff;\">\u00b6<\/span><\/p>\n<p><strong>En 1864<\/strong><em>, Joseph est exempt\u00e9 de service militaire comme fils a\u00een\u00e9 de veuve.<\/em><\/p>\n<p><em>Il \u00e9pouse Marie <\/em><strong>ANDRIEUX<\/strong><em> \u00e0 Roy\u00e8re le 10 f\u00e9vrier <\/em><strong>1872<\/strong><em> (contrat Toumieux).<\/em><\/p>\n<p><em>Elle d\u00e9c\u00e8de \u00e0 Lascaux, m\u00eame commune, le 15 juillet de la m\u00eame ann\u00e9e, \u00e2g\u00e9e de 20 ans.<\/em><\/p>\n<p><em>Joseph se remarie \u00e0 Roy\u00e8re, le 3 mai <\/em><strong>1877<\/strong><em> avec Jeanne<\/em><strong> NIARPHEIX<\/strong><em> (contrat Toumieux). Ils vivent d&rsquo;abord \u00e0 Orladeix, m\u00eame commune.<\/em><\/p>\n<p><strong>En 1888<\/strong><em>, ils sont \u00e0 <\/em><span style=\"color: #0000ff;\"><strong>Lyon (69)<\/strong><\/span><em>, 28, rue Grol\u00e9e.<\/em><\/p>\n<p><strong>En 1894<\/strong>, <em>Joseph, man\u0153uvre, et sa femme, \u25ba<a href=\"https:\/\/www.lesmaconsdelacreuse.fr\/annuaires\/wp-content\/uploads\/2020\/08\/LOGEUR-LOGEUSE.png\">logeuse<\/a>, habitent 43, rue Mazenod.<\/em><\/p>\n<p>&nbsp;<\/p>\n","protected":false},"excerpt":{"rendered":"<p>Mis \u00e0 jour le : 29\/04\/2026Joseph C\u00c9NY 1843 &#8211; apr\u00e8s 1894 ma\u00e7on et cultivateur &nbsp; n\u00e9 aux Bordes (Roy\u00e8re) le 2 septembre 1843 fils de Fran\u00e7ois C\u00c9NY, ma\u00e7on \/ L\u00e9onarde ANDRIEUX propri\u00e9taires cultivateurs \u00b6 En 1864, Joseph est exempt\u00e9 de service militaire comme fils a\u00een\u00e9 de veuve. Il \u00e9pouse Marie ANDRIEUX \u00e0 Roy\u00e8re le 10 ..<\/p>\n<div class=\"clear-fix\"><\/div>\n<p><a href=\"https:\/\/www.lesmaconsdelacreuse.fr\/annuaires\/lettre-c\/ceny-joseph-1843-apres-1894\/\" title=\"Lire la suite...\">Lire la suite<\/a><\/p>\n","protected":false},"author":6,"featured_media":0,"comment_status":"closed","ping_status":"closed","sticky":false,"template":"","format":"standard","meta":{"_acf_changed":false,"_exactmetrics_skip_tracking":false,"_exactmetrics_sitenote_active":false,"_exactmetrics_sitenote_note":"","_exactmetrics_sitenote_category":0,"footnotes":""},"categories":[4,12],"tags":[],"class_list":["post-170984","post","type-post","status-publish","format-standard","hentry","category-lettre-c","category-lettre-s"],"acf":[],"_links":{"self":[{"href":"https:\/\/www.lesmaconsdelacreuse.fr\/annuaires\/wp-json\/wp\/v2\/posts\/170984","targetHints":{"allow":["GET"]}}],"collection":[{"href":"https:\/\/www.lesmaconsdelacreuse.fr\/annuaires\/wp-json\/wp\/v2\/posts"}],"about":[{"href":"https:\/\/www.lesmaconsdelacreuse.fr\/annuaires\/wp-json\/wp\/v2\/types\/post"}],"author":[{"embeddable":true,"href":"https:\/\/www.lesmaconsdelacreuse.fr\/annuaires\/wp-json\/wp\/v2\/users\/6"}],"replies":[{"embeddable":true,"href":"https:\/\/www.lesmaconsdelacreuse.fr\/annuaires\/wp-json\/wp\/v2\/comments?post=170984"}],"version-history":[{"count":0,"href":"https:\/\/www.lesmaconsdelacreuse.fr\/annuaires\/wp-json\/wp\/v2\/posts\/170984\/revisions"}],"wp:attachment":[{"href":"https:\/\/www.lesmaconsdelacreuse.fr\/annuaires\/wp-json\/wp\/v2\/media?parent=170984"}],"wp:term":[{"taxonomy":"category","embeddable":true,"href":"https:\/\/www.lesmaconsdelacreuse.fr\/annuaires\/wp-json\/wp\/v2\/categories?post=170984"},{"taxonomy":"post_tag","embeddable":true,"href":"https:\/\/www.lesmaconsdelacreuse.fr\/annuaires\/wp-json\/wp\/v2\/tags?post=170984"}],"curies":[{"name":"wp","href":"https:\/\/api.w.org\/{rel}","templated":true}]}}