{"id":171005,"date":"2020-03-29T12:21:30","date_gmt":"2020-03-29T10:21:30","guid":{"rendered":"https:\/\/www.lesmaconsdelacreuse.fr\/annuaires\/?p=171005"},"modified":"2020-09-17T11:48:16","modified_gmt":"2020-09-17T09:48:16","slug":"sourdieux-martial-francois-1880-apres-1922","status":"publish","type":"post","link":"https:\/\/www.lesmaconsdelacreuse.fr\/annuaires\/lettre-s\/sourdieux-martial-francois-1880-apres-1922\/","title":{"rendered":"SOURDIEUX Martial Fran\u00e7ois (1880-apr\u00e8s 1922)"},"content":{"rendered":"<p class=\"last-updated\"><strong>Mis \u00e0 jour le :<\/strong> 29\/04\/2026<\/p><h2 style=\"text-align: center;\"><strong>Martial Fran\u00e7ois SOURDIEUX<\/strong><\/h2>\n<p style=\"text-align: center;\"><strong>1880 &#8211; apr\u00e8s 1922<\/strong><\/p>\n<p style=\"text-align: center;\"><a href=\"https:\/\/www.lesmaconsdelacreuse.fr\/annuaires\/wp-content\/uploads\/2020\/03\/sourdieux.jpg\"><img loading=\"lazy\" decoding=\"async\" class=\"alignnone size-medium wp-image-178917\" src=\"https:\/\/www.lesmaconsdelacreuse.fr\/annuaires\/wp-content\/uploads\/2020\/03\/sourdieux-300x70.jpg\" alt=\"\" width=\"300\" height=\"70\" srcset=\"https:\/\/www.lesmaconsdelacreuse.fr\/annuaires\/wp-content\/uploads\/2020\/03\/sourdieux-300x70.jpg 300w, https:\/\/www.lesmaconsdelacreuse.fr\/annuaires\/wp-content\/uploads\/2020\/03\/sourdieux-150x35.jpg 150w, https:\/\/www.lesmaconsdelacreuse.fr\/annuaires\/wp-content\/uploads\/2020\/03\/sourdieux.jpg 351w\" sizes=\"auto, (max-width: 300px) 100vw, 300px\" \/><\/a><\/p>\n<p>&nbsp;<\/p>\n<h4 style=\"text-align: center;\"><span style=\"color: #008000;\"><strong>ma\u00e7on<\/strong><\/span><\/h4>\n<p style=\"text-align: center;\">n\u00e9 au bourg de Saint-Moreil<\/p>\n<p style=\"text-align: center;\">le 13 d\u00e9cembre 1880<\/p>\n<p style=\"text-align: center;\">fils de<\/p>\n<p style=\"text-align: center;\">Jean SOURDIEUX, <span style=\"color: #008000;\"><strong>ma\u00e7on<\/strong><\/span> \/ D\u00e9sir\u00e9e MONTHIOUX, cultivatrice<\/p>\n<p style=\"text-align: center;\"><span style=\"color: #ffffff;\">\u00b6<\/span><\/p>\n<p><strong>En 1901,<\/strong> <em>Martial travaille dans le <\/em><span style=\"color: #0000ff;\"><strong>Rh\u00f4ne<\/strong><\/span><em> et y passe le conseil de r\u00e9vision.<\/em><\/p>\n<p><em>Il habite <\/em><span style=\"color: #0000ff;\"><strong>Francheville (69)<\/strong><\/span><em> lorsqu&rsquo;il y \u00e9pouse, le 24 octobre <\/em><strong>1903<\/strong><em>, M\u00e9lanie <\/em><strong>BARRE<\/strong><em>, couturi\u00e8re, n\u00e9e elle aussi \u00e0 Saint-Moreil (contrat Vialatoux \u00e0 Gr\u00e9zieu-la-Varenne).<\/em><\/p>\n<p><strong>De 1904 \u00e0 1911<\/strong> au moins, ils habitent au lieu de Bel Air.<\/p>\n<p><strong>En 1908<\/strong>, ils sont toujours \u00e0 Francheville.<\/p>\n<p>&nbsp;<\/p>\n","protected":false},"excerpt":{"rendered":"<p>Mis \u00e0 jour le : 29\/04\/2026Martial Fran\u00e7ois SOURDIEUX 1880 &#8211; apr\u00e8s 1922 &nbsp; ma\u00e7on n\u00e9 au bourg de Saint-Moreil le 13 d\u00e9cembre 1880 fils de Jean SOURDIEUX, ma\u00e7on \/ D\u00e9sir\u00e9e MONTHIOUX, cultivatrice \u00b6 En 1901, Martial travaille dans le Rh\u00f4ne et y passe le conseil de r\u00e9vision. Il habite Francheville (69) lorsqu&rsquo;il y \u00e9pouse, le ..<\/p>\n<div class=\"clear-fix\"><\/div>\n<p><a href=\"https:\/\/www.lesmaconsdelacreuse.fr\/annuaires\/lettre-s\/sourdieux-martial-francois-1880-apres-1922\/\" title=\"Lire la suite...\">Lire la suite<\/a><\/p>\n","protected":false},"author":6,"featured_media":0,"comment_status":"closed","ping_status":"closed","sticky":false,"template":"","format":"standard","meta":{"_acf_changed":false,"_exactmetrics_skip_tracking":false,"_exactmetrics_sitenote_active":false,"_exactmetrics_sitenote_note":"","_exactmetrics_sitenote_category":0,"footnotes":""},"categories":[12],"tags":[],"class_list":["post-171005","post","type-post","status-publish","format-standard","hentry","category-lettre-s"],"acf":[],"_links":{"self":[{"href":"https:\/\/www.lesmaconsdelacreuse.fr\/annuaires\/wp-json\/wp\/v2\/posts\/171005","targetHints":{"allow":["GET"]}}],"collection":[{"href":"https:\/\/www.lesmaconsdelacreuse.fr\/annuaires\/wp-json\/wp\/v2\/posts"}],"about":[{"href":"https:\/\/www.lesmaconsdelacreuse.fr\/annuaires\/wp-json\/wp\/v2\/types\/post"}],"author":[{"embeddable":true,"href":"https:\/\/www.lesmaconsdelacreuse.fr\/annuaires\/wp-json\/wp\/v2\/users\/6"}],"replies":[{"embeddable":true,"href":"https:\/\/www.lesmaconsdelacreuse.fr\/annuaires\/wp-json\/wp\/v2\/comments?post=171005"}],"version-history":[{"count":0,"href":"https:\/\/www.lesmaconsdelacreuse.fr\/annuaires\/wp-json\/wp\/v2\/posts\/171005\/revisions"}],"wp:attachment":[{"href":"https:\/\/www.lesmaconsdelacreuse.fr\/annuaires\/wp-json\/wp\/v2\/media?parent=171005"}],"wp:term":[{"taxonomy":"category","embeddable":true,"href":"https:\/\/www.lesmaconsdelacreuse.fr\/annuaires\/wp-json\/wp\/v2\/categories?post=171005"},{"taxonomy":"post_tag","embeddable":true,"href":"https:\/\/www.lesmaconsdelacreuse.fr\/annuaires\/wp-json\/wp\/v2\/tags?post=171005"}],"curies":[{"name":"wp","href":"https:\/\/api.w.org\/{rel}","templated":true}]}}