{"id":174922,"date":"2020-08-05T08:19:05","date_gmt":"2020-08-05T06:19:05","guid":{"rendered":"https:\/\/www.lesmaconsdelacreuse.fr\/annuaires\/?p=174922"},"modified":"2020-08-06T14:48:15","modified_gmt":"2020-08-06T12:48:15","slug":"claverolas-louis-1824-1898","status":"publish","type":"post","link":"https:\/\/www.lesmaconsdelacreuse.fr\/annuaires\/lettre-c\/claverolas-louis-1824-1898\/","title":{"rendered":"CLAV\u00c9ROLAS  Louis  (1824 \u2013 1898)"},"content":{"rendered":"<p class=\"last-updated\"><strong>Mis \u00e0 jour le :<\/strong> 01\/05\/2026<\/p><h3 style=\"text-align: center;\"><strong>Louis CLAV\u00c9ROLAS<\/strong><\/h3>\n<p style=\"text-align: center;\"><strong>1824 \u2013 1898<\/strong><\/p>\n<p style=\"text-align: center;\"><strong>\u00a0 <a href=\"https:\/\/www.lesmaconsdelacreuse.fr\/annuaires\/wp-content\/uploads\/2020\/08\/claverolas.jpg\"><img loading=\"lazy\" decoding=\"async\" class=\"alignnone size-medium wp-image-174923\" src=\"https:\/\/www.lesmaconsdelacreuse.fr\/annuaires\/wp-content\/uploads\/2020\/08\/claverolas-300x97.jpg\" alt=\"\" width=\"300\" height=\"97\" srcset=\"https:\/\/www.lesmaconsdelacreuse.fr\/annuaires\/wp-content\/uploads\/2020\/08\/claverolas-300x97.jpg 300w, https:\/\/www.lesmaconsdelacreuse.fr\/annuaires\/wp-content\/uploads\/2020\/08\/claverolas-150x49.jpg 150w, https:\/\/www.lesmaconsdelacreuse.fr\/annuaires\/wp-content\/uploads\/2020\/08\/claverolas.jpg 321w\" sizes=\"auto, (max-width: 300px) 100vw, 300px\" \/><\/a>\u00a0<\/strong><\/p>\n<h4 style=\"text-align: center;\"><a href=\"https:\/\/www.lesmaconsdelacreuse.fr\/annuaires\/wp-content\/uploads\/2020\/07\/MA\u00ceTRE-MA\u00c7ON.png\" target=\"_blank\" rel=\"noopener noreferrer\"><span style=\"color: #008000;\"><strong>\u25ba<\/strong><\/span><strong><span style=\"color: #008000;\">ma\u00eetre ma\u00e7on<\/span><\/strong><\/a><\/h4>\n<p style=\"text-align: center;\"><em>\u00a0<\/em>n\u00e9<\/p>\n<p style=\"text-align: center;\">\u00e0 Vige (Saint-Junien-la-Breg\u00e8re)<\/p>\n<p style=\"text-align: center;\">le 6 octobre 1824<\/p>\n<p style=\"text-align: center;\">fils de<\/p>\n<p style=\"text-align: center;\">Jacques CLAV\u00c9ROLAS<\/p>\n<p style=\"text-align: center;\">Sylvine BENOIT<\/p>\n<p style=\"text-align: center;\">propri\u00e9taires cultivateurs<\/p>\n<p><em>\u00a0<\/em><em>\u00a0<\/em><\/p>\n<p><em>Louis \u00e9pouse Marie <\/em><strong>REIX <\/strong><em>le 11 f\u00e9vrier <\/em>1850<em> \u00e0 Saint-Junien\u00a0; il ne sait pas encore signer. Ils vivent \u00a0d\u2019abord \u00e0 Vige.<\/em><\/p>\n<p><em>Anne d\u00e9c\u00e8de \u00e0 <\/em><span style=\"color: #0000ff;\"><strong>Lyon (69)<\/strong><\/span><em>\u00a0 le 1<sup>er<\/sup> ao\u00fbt\u00a0 <\/em>1856<em>, \u00e2g\u00e9e de 20 ans. <\/em><\/p>\n<p>En 1859<em>, Louis, toujours \u00e0 Lyon, habite 11, rue du Mont-d\u2019Or.<\/em><\/p>\n<p><em>Le 19 f\u00e9vrier de la m\u00eame ann\u00e9e, il \u00a0se remarie \u00e0 \u00c9cully (69) avec Fran\u00e7oise <\/em><strong>COINDE<\/strong><em>, domestique n\u00e9e en Is\u00e8re (contrat Vachez \u00e0 Lyon)\u00a0. <\/em><\/p>\n<p>En 1860<em>, ils habitent Lyon , 10, rue Saint-Pierre-de-Vaise, 5<sup>e<\/sup> arrondissement\u00a0;<\/em><\/p>\n<p>de 1870 \u00e0 1876 <em>au moins, 29, Grande rue de Vaise.<\/em><\/p>\n<p><em>Fran\u00e7oise d\u00e9c\u00e8de \u00e0 Lyon 5<sup>e<\/sup> le 2 octobre <\/em>1880<em>. <\/em><\/p>\n<p><em>Louis se marie en 3<sup>e<\/sup> noces le 24 mai <\/em>1888 <em>\u00e0 Lyon 3<sup>e<\/sup> avec Marie <\/em><strong>CHAMOUSSET<\/strong> <em>n\u00e9e en Is\u00e8re (contrat Chevalier)\u00a0.<\/em><\/p>\n<p><em>Les \u00e9poux d\u00e9c\u00e8dent en leur domicile, 189, rue de Cr\u00e9qui, au 3<sup>e<\/sup> arrondissement\u00a0:<\/em><\/p>\n<ul>\n<li><em>Marie, le 7 mars <\/em>1893,<em> \u00e2g\u00e9e de 64 ans<\/em><\/li>\n<li><em>Louis, le 1<sup>er<\/sup> mars <\/em>1898<em>, \u00e2g\u00e9 de 73 ans<\/em><\/li>\n<\/ul>\n<p>&nbsp;<\/p>\n","protected":false},"excerpt":{"rendered":"<p>Mis \u00e0 jour le : 01\/05\/2026Louis CLAV\u00c9ROLAS 1824 \u2013 1898 \u00a0 \u00a0 \u25bama\u00eetre ma\u00e7on \u00a0n\u00e9 \u00e0 Vige (Saint-Junien-la-Breg\u00e8re) le 6 octobre 1824 fils de Jacques CLAV\u00c9ROLAS Sylvine BENOIT propri\u00e9taires cultivateurs \u00a0\u00a0 Louis \u00e9pouse Marie REIX le 11 f\u00e9vrier 1850 \u00e0 Saint-Junien\u00a0; il ne sait pas encore signer. Ils vivent \u00a0d\u2019abord \u00e0 Vige. Anne d\u00e9c\u00e8de \u00e0 ..<\/p>\n<div class=\"clear-fix\"><\/div>\n<p><a href=\"https:\/\/www.lesmaconsdelacreuse.fr\/annuaires\/lettre-c\/claverolas-louis-1824-1898\/\" title=\"Lire la suite...\">Lire la suite<\/a><\/p>\n","protected":false},"author":7,"featured_media":0,"comment_status":"closed","ping_status":"closed","sticky":false,"template":"","format":"standard","meta":{"_acf_changed":false,"_exactmetrics_skip_tracking":false,"_exactmetrics_sitenote_active":false,"_exactmetrics_sitenote_note":"","_exactmetrics_sitenote_category":0,"footnotes":""},"categories":[4],"tags":[],"class_list":["post-174922","post","type-post","status-publish","format-standard","hentry","category-lettre-c"],"acf":[],"_links":{"self":[{"href":"https:\/\/www.lesmaconsdelacreuse.fr\/annuaires\/wp-json\/wp\/v2\/posts\/174922","targetHints":{"allow":["GET"]}}],"collection":[{"href":"https:\/\/www.lesmaconsdelacreuse.fr\/annuaires\/wp-json\/wp\/v2\/posts"}],"about":[{"href":"https:\/\/www.lesmaconsdelacreuse.fr\/annuaires\/wp-json\/wp\/v2\/types\/post"}],"author":[{"embeddable":true,"href":"https:\/\/www.lesmaconsdelacreuse.fr\/annuaires\/wp-json\/wp\/v2\/users\/7"}],"replies":[{"embeddable":true,"href":"https:\/\/www.lesmaconsdelacreuse.fr\/annuaires\/wp-json\/wp\/v2\/comments?post=174922"}],"version-history":[{"count":0,"href":"https:\/\/www.lesmaconsdelacreuse.fr\/annuaires\/wp-json\/wp\/v2\/posts\/174922\/revisions"}],"wp:attachment":[{"href":"https:\/\/www.lesmaconsdelacreuse.fr\/annuaires\/wp-json\/wp\/v2\/media?parent=174922"}],"wp:term":[{"taxonomy":"category","embeddable":true,"href":"https:\/\/www.lesmaconsdelacreuse.fr\/annuaires\/wp-json\/wp\/v2\/categories?post=174922"},{"taxonomy":"post_tag","embeddable":true,"href":"https:\/\/www.lesmaconsdelacreuse.fr\/annuaires\/wp-json\/wp\/v2\/tags?post=174922"}],"curies":[{"name":"wp","href":"https:\/\/api.w.org\/{rel}","templated":true}]}}