{"id":174949,"date":"2020-08-06T15:30:28","date_gmt":"2020-08-06T13:30:28","guid":{"rendered":"https:\/\/www.lesmaconsdelacreuse.fr\/annuaires\/?p=174949"},"modified":"2020-08-06T15:30:28","modified_gmt":"2020-08-06T13:30:28","slug":"vialatoux-leonard-decede-apres-1783","status":"publish","type":"post","link":"https:\/\/www.lesmaconsdelacreuse.fr\/annuaires\/lettre-v\/vialatoux-leonard-decede-apres-1783\/","title":{"rendered":"VIALATOUX L\u00e9onard  (d\u00e9c\u00e9d\u00e9 apr\u00e8s 1783)"},"content":{"rendered":"<p class=\"last-updated\"><strong>Mis \u00e0 jour le :<\/strong> 01\/05\/2026<\/p><h3 style=\"text-align: center;\"><strong>L\u00e9onard VIALATOUX<\/strong><\/h3>\n<p style=\"text-align: center;\"><strong>d\u00e9c\u00e9d\u00e9 apr\u00e8s 1783<\/strong><\/p>\n<p style=\"text-align: center;\"><strong><a href=\"https:\/\/www.lesmaconsdelacreuse.fr\/annuaires\/wp-content\/uploads\/2020\/07\/ne-sait-pas-signer.jpg\"><img loading=\"lazy\" decoding=\"async\" class=\"alignnone  wp-image-174596\" src=\"https:\/\/www.lesmaconsdelacreuse.fr\/annuaires\/wp-content\/uploads\/2020\/07\/ne-sait-pas-signer.jpg\" alt=\"\" width=\"242\" height=\"48\" srcset=\"https:\/\/www.lesmaconsdelacreuse.fr\/annuaires\/wp-content\/uploads\/2020\/07\/ne-sait-pas-signer.jpg 156w, https:\/\/www.lesmaconsdelacreuse.fr\/annuaires\/wp-content\/uploads\/2020\/07\/ne-sait-pas-signer-150x30.jpg 150w\" sizes=\"auto, (max-width: 242px) 100vw, 242px\" \/><\/a>\u00a0<\/strong><\/p>\n<h4 style=\"text-align: center;\"><strong>\u00a0<\/strong><span style=\"color: #008000;\"><strong>ma\u00e7on<\/strong><\/span><\/h4>\n<p>&nbsp;<\/p>\n<p style=\"text-align: center;\"><strong>\u00a0<\/strong>de Vauveix (Roy\u00e8re)<\/p>\n<p><em>\u00a0<\/em><\/p>\n<p><em>Ma\u00e7on de Vauveix, L\u00e9onard<\/em> <em>fait cession de droits \u00e0 L\u00e9onard B\u00c9NASSY, aussi ma\u00e7on de Vauveix, le 11 mars <\/em><em>\u25ba<\/em><a href=\"https:\/\/www.lesmaconsdelacreuse.fr\/annuaires\/wp-content\/uploads\/2020\/08\/1783-L\u00e9onard-VIALATOUX-\u00e0-Ambierle-.jpg\" target=\"_blank\" rel=\"noopener noreferrer\"><strong>1783<\/strong><\/a><em> devant Me Th\u00e9venard, notaire \u00e0 <\/em><span style=\"color: #0000ff;\"><strong>Ambierle (42)<\/strong><\/span><em>. <\/em><\/p>\n","protected":false},"excerpt":{"rendered":"<p>Mis \u00e0 jour le : 01\/05\/2026L\u00e9onard VIALATOUX d\u00e9c\u00e9d\u00e9 apr\u00e8s 1783 \u00a0 \u00a0ma\u00e7on &nbsp; \u00a0de Vauveix (Roy\u00e8re) \u00a0 Ma\u00e7on de Vauveix, L\u00e9onard fait cession de droits \u00e0 L\u00e9onard B\u00c9NASSY, aussi ma\u00e7on de Vauveix, le 11 mars \u25ba1783 devant Me Th\u00e9venard, notaire \u00e0 Ambi..<\/p>\n<div class=\"clear-fix\"><\/div>\n<p><a href=\"https:\/\/www.lesmaconsdelacreuse.fr\/annuaires\/lettre-v\/vialatoux-leonard-decede-apres-1783\/\" title=\"Lire la suite...\">Lire la suite<\/a><\/p>\n","protected":false},"author":7,"featured_media":0,"comment_status":"closed","ping_status":"closed","sticky":false,"template":"","format":"standard","meta":{"_acf_changed":false,"_exactmetrics_skip_tracking":false,"_exactmetrics_sitenote_active":false,"_exactmetrics_sitenote_note":"","_exactmetrics_sitenote_category":0,"footnotes":""},"categories":[18],"tags":[],"class_list":["post-174949","post","type-post","status-publish","format-standard","hentry","category-lettre-v"],"acf":[],"_links":{"self":[{"href":"https:\/\/www.lesmaconsdelacreuse.fr\/annuaires\/wp-json\/wp\/v2\/posts\/174949","targetHints":{"allow":["GET"]}}],"collection":[{"href":"https:\/\/www.lesmaconsdelacreuse.fr\/annuaires\/wp-json\/wp\/v2\/posts"}],"about":[{"href":"https:\/\/www.lesmaconsdelacreuse.fr\/annuaires\/wp-json\/wp\/v2\/types\/post"}],"author":[{"embeddable":true,"href":"https:\/\/www.lesmaconsdelacreuse.fr\/annuaires\/wp-json\/wp\/v2\/users\/7"}],"replies":[{"embeddable":true,"href":"https:\/\/www.lesmaconsdelacreuse.fr\/annuaires\/wp-json\/wp\/v2\/comments?post=174949"}],"version-history":[{"count":0,"href":"https:\/\/www.lesmaconsdelacreuse.fr\/annuaires\/wp-json\/wp\/v2\/posts\/174949\/revisions"}],"wp:attachment":[{"href":"https:\/\/www.lesmaconsdelacreuse.fr\/annuaires\/wp-json\/wp\/v2\/media?parent=174949"}],"wp:term":[{"taxonomy":"category","embeddable":true,"href":"https:\/\/www.lesmaconsdelacreuse.fr\/annuaires\/wp-json\/wp\/v2\/categories?post=174949"},{"taxonomy":"post_tag","embeddable":true,"href":"https:\/\/www.lesmaconsdelacreuse.fr\/annuaires\/wp-json\/wp\/v2\/tags?post=174949"}],"curies":[{"name":"wp","href":"https:\/\/api.w.org\/{rel}","templated":true}]}}