{"id":176099,"date":"2020-08-16T08:54:44","date_gmt":"2020-08-16T06:54:44","guid":{"rendered":"https:\/\/www.lesmaconsdelacreuse.fr\/annuaires\/?p=176099"},"modified":"2023-01-04T07:33:56","modified_gmt":"2023-01-04T06:33:56","slug":"tarnat-michel-vers-1672-entre-1698-et-1705","status":"publish","type":"post","link":"https:\/\/www.lesmaconsdelacreuse.fr\/annuaires\/lettre-t\/tarnat-michel-vers-1672-entre-1698-et-1705\/","title":{"rendered":"TARNAT Michel  (vers 1672 \u2013 entre 1698 et 1705)"},"content":{"rendered":"<p class=\"last-updated\"><strong>Mis \u00e0 jour le :<\/strong> 27\/04\/2026<\/p><h3 style=\"text-align: center;\"><strong>Michel TARNAT<\/strong><\/h3>\n<p style=\"text-align: center;\"><strong>vers 1672 \u2013 entre 1698 et 1705<\/strong><\/p>\n<p style=\"text-align: center;\"><strong><a href=\"https:\/\/www.lesmaconsdelacreuse.fr\/annuaires\/wp-content\/uploads\/2020\/07\/ne-sait-pas-signer.jpg\"><img loading=\"lazy\" decoding=\"async\" class=\"alignnone size-full wp-image-174596\" src=\"https:\/\/www.lesmaconsdelacreuse.fr\/annuaires\/wp-content\/uploads\/2020\/07\/ne-sait-pas-signer.jpg\" alt=\"\" width=\"156\" height=\"31\" srcset=\"https:\/\/www.lesmaconsdelacreuse.fr\/annuaires\/wp-content\/uploads\/2020\/07\/ne-sait-pas-signer.jpg 156w, https:\/\/www.lesmaconsdelacreuse.fr\/annuaires\/wp-content\/uploads\/2020\/07\/ne-sait-pas-signer-150x30.jpg 150w\" sizes=\"auto, (max-width: 156px) 100vw, 156px\" \/><\/a>\u00a0<\/strong><\/p>\n<p style=\"text-align: center;\"><strong>\u00a0<\/strong><\/p>\n<h4 style=\"text-align: center;\"><span style=\"color: #008000;\"><strong>ma\u00e7on <\/strong>et<strong> laboureur<\/strong><\/span><\/h4>\n<p style=\"text-align: center;\"><strong>\u00a0<\/strong><\/p>\n<p style=\"text-align: center;\">n\u00e9 \u00e0 Masgrangeas (Roy\u00e8re)\u00a0?<\/p>\n<p style=\"text-align: center;\">vers 1672<\/p>\n<p style=\"text-align: center;\">fils de<\/p>\n<p style=\"text-align: center;\">Denis TARNAT<\/p>\n<p style=\"text-align: center;\">L\u00e9onarde DELAJEANNE<\/p>\n<p style=\"text-align: center;\">\u00a0laboureurs<\/p>\n<p><em>\u00a0<\/em><\/p>\n<p><em>Michel \u00e9pouse Marguerite <\/em><strong>VAREILLE<\/strong><em> le 18 f\u00e9vrier <\/em>1692<em> \u00e0 Roy\u00e8re (contrat B\u00e9nassy \u00e0 Gentioux). <\/em><\/p>\n<p><em>Michel d\u00e9c\u00e8de <\/em>entre 1698 et 1705<em>, date \u00e0 laquelle sa veuve se remarie avec Jean CANARS.<\/em><\/p>\n<p>S17<\/p>\n<p>&nbsp;<\/p>\n","protected":false},"excerpt":{"rendered":"<p>Mis \u00e0 jour le : 27\/04\/2026Michel TARNAT vers 1672 \u2013 entre 1698 et 1705 \u00a0 \u00a0 ma\u00e7on et laboureur \u00a0 n\u00e9 \u00e0 Masgrangeas (Roy\u00e8re)\u00a0? vers 1672 fils de Denis TARNAT L\u00e9onarde DELAJEANNE \u00a0laboureurs \u00a0 Michel \u00e9pouse Marguerite VAREILLE le 18 f\u00e9vrier 1692 \u00e0 Roy\u00e8re (contrat B\u00e9nassy \u00e0 Gentioux). Michel d\u00e9c\u00e8de entre 1698 et 1705, date ..<\/p>\n<div class=\"clear-fix\"><\/div>\n<p><a href=\"https:\/\/www.lesmaconsdelacreuse.fr\/annuaires\/lettre-t\/tarnat-michel-vers-1672-entre-1698-et-1705\/\" title=\"Lire la suite...\">Lire la suite<\/a><\/p>\n","protected":false},"author":7,"featured_media":0,"comment_status":"closed","ping_status":"closed","sticky":false,"template":"","format":"standard","meta":{"_acf_changed":false,"_exactmetrics_skip_tracking":false,"_exactmetrics_sitenote_active":false,"_exactmetrics_sitenote_note":"","_exactmetrics_sitenote_category":0,"footnotes":""},"categories":[13],"tags":[],"class_list":["post-176099","post","type-post","status-publish","format-standard","hentry","category-lettre-t"],"acf":[],"_links":{"self":[{"href":"https:\/\/www.lesmaconsdelacreuse.fr\/annuaires\/wp-json\/wp\/v2\/posts\/176099","targetHints":{"allow":["GET"]}}],"collection":[{"href":"https:\/\/www.lesmaconsdelacreuse.fr\/annuaires\/wp-json\/wp\/v2\/posts"}],"about":[{"href":"https:\/\/www.lesmaconsdelacreuse.fr\/annuaires\/wp-json\/wp\/v2\/types\/post"}],"author":[{"embeddable":true,"href":"https:\/\/www.lesmaconsdelacreuse.fr\/annuaires\/wp-json\/wp\/v2\/users\/7"}],"replies":[{"embeddable":true,"href":"https:\/\/www.lesmaconsdelacreuse.fr\/annuaires\/wp-json\/wp\/v2\/comments?post=176099"}],"version-history":[{"count":2,"href":"https:\/\/www.lesmaconsdelacreuse.fr\/annuaires\/wp-json\/wp\/v2\/posts\/176099\/revisions"}],"predecessor-version":[{"id":203600,"href":"https:\/\/www.lesmaconsdelacreuse.fr\/annuaires\/wp-json\/wp\/v2\/posts\/176099\/revisions\/203600"}],"wp:attachment":[{"href":"https:\/\/www.lesmaconsdelacreuse.fr\/annuaires\/wp-json\/wp\/v2\/media?parent=176099"}],"wp:term":[{"taxonomy":"category","embeddable":true,"href":"https:\/\/www.lesmaconsdelacreuse.fr\/annuaires\/wp-json\/wp\/v2\/categories?post=176099"},{"taxonomy":"post_tag","embeddable":true,"href":"https:\/\/www.lesmaconsdelacreuse.fr\/annuaires\/wp-json\/wp\/v2\/tags?post=176099"}],"curies":[{"name":"wp","href":"https:\/\/api.w.org\/{rel}","templated":true}]}}