{"id":176101,"date":"2020-08-16T08:57:30","date_gmt":"2020-08-16T06:57:30","guid":{"rendered":"https:\/\/www.lesmaconsdelacreuse.fr\/annuaires\/?p=176101"},"modified":"2020-10-05T09:14:41","modified_gmt":"2020-10-05T07:14:41","slug":"tarrade-raphael-louis-1912-1935","status":"publish","type":"post","link":"https:\/\/www.lesmaconsdelacreuse.fr\/annuaires\/lettre-t\/tarrade-raphael-louis-1912-1935\/","title":{"rendered":"TARRADE Rapha\u00ebl Louis (1912 &#8211; 1935)"},"content":{"rendered":"<p class=\"last-updated\"><strong>Mis \u00e0 jour le :<\/strong> 27\/04\/2026<\/p><h3 style=\"text-align: center;\"><strong>Rapha\u00ebl Louis TARRADE<\/strong><\/h3>\n<p style=\"text-align: center;\"><strong>1912 &#8211; 1935<\/strong><\/p>\n<h4 style=\"text-align: center;\"><\/h4>\n<h4 style=\"text-align: center;\"><span style=\"color: #008000;\"><strong>\u25ba<\/strong><\/span><strong><a href=\"https:\/\/www.lesmaconsdelacreuse.fr\/annuaires\/wp-content\/uploads\/2020\/07\/TAILLEUR-DE-PIERRE.png\" target=\"_blank\" rel=\"noopener noreferrer\"><span style=\"color: #008000;\">tailleur de pierre<\/span><\/a><\/strong><\/h4>\n<p>&nbsp;<\/p>\n<p style=\"text-align: center;\">n\u00e9 au Compeix (Saint-Pierre-le-Bost)<\/p>\n<p style=\"text-align: center;\">le 24 octobre 1912<\/p>\n<p style=\"text-align: center;\">fils de<\/p>\n<p style=\"text-align: center;\">Henri TARRADE, cantonnier<\/p>\n<p style=\"text-align: center;\">\u00a0Jeanne Eug\u00e9nie B\u00c9NASSY, cultivatrice<\/p>\n<p><em>\u00a0<\/em><\/p>\n<p><em>Rapha\u00ebl \u00a0d\u00e9c\u00e8de <\/em><strong>c\u00e9libataire<\/strong><em> au Compeix le 27 f\u00e9vrier <\/em>1935<em>, \u00e2g\u00e9 de 22 ans.<\/em><\/p>\n<p>&nbsp;<\/p>\n","protected":false},"excerpt":{"rendered":"<p>Mis \u00e0 jour le : 27\/04\/2026Rapha\u00ebl Louis TARRADE 1912 &#8211; 1935 \u25batailleur de pierre &nbsp; n\u00e9 au Compeix (Saint-Pierre-le-Bost) le 24 octobre 1912 fils de Henri TARRADE, cantonnier \u00a0Jeanne Eug\u00e9nie B\u00c9NASSY, cultivatrice \u00a0 Rapha\u00ebl \u00a0d\u00e9c\u00e8de c\u00e9libataire au Compeix le 27 f\u00e9vrier 1935, \u00e2g\u00e9 de 22 a..<\/p>\n<div class=\"clear-fix\"><\/div>\n<p><a href=\"https:\/\/www.lesmaconsdelacreuse.fr\/annuaires\/lettre-t\/tarrade-raphael-louis-1912-1935\/\" title=\"Lire la suite...\">Lire la suite<\/a><\/p>\n","protected":false},"author":7,"featured_media":0,"comment_status":"closed","ping_status":"closed","sticky":false,"template":"","format":"standard","meta":{"_acf_changed":false,"_exactmetrics_skip_tracking":false,"_exactmetrics_sitenote_active":false,"_exactmetrics_sitenote_note":"","_exactmetrics_sitenote_category":0,"footnotes":""},"categories":[13],"tags":[],"class_list":["post-176101","post","type-post","status-publish","format-standard","hentry","category-lettre-t"],"acf":[],"_links":{"self":[{"href":"https:\/\/www.lesmaconsdelacreuse.fr\/annuaires\/wp-json\/wp\/v2\/posts\/176101","targetHints":{"allow":["GET"]}}],"collection":[{"href":"https:\/\/www.lesmaconsdelacreuse.fr\/annuaires\/wp-json\/wp\/v2\/posts"}],"about":[{"href":"https:\/\/www.lesmaconsdelacreuse.fr\/annuaires\/wp-json\/wp\/v2\/types\/post"}],"author":[{"embeddable":true,"href":"https:\/\/www.lesmaconsdelacreuse.fr\/annuaires\/wp-json\/wp\/v2\/users\/7"}],"replies":[{"embeddable":true,"href":"https:\/\/www.lesmaconsdelacreuse.fr\/annuaires\/wp-json\/wp\/v2\/comments?post=176101"}],"version-history":[{"count":0,"href":"https:\/\/www.lesmaconsdelacreuse.fr\/annuaires\/wp-json\/wp\/v2\/posts\/176101\/revisions"}],"wp:attachment":[{"href":"https:\/\/www.lesmaconsdelacreuse.fr\/annuaires\/wp-json\/wp\/v2\/media?parent=176101"}],"wp:term":[{"taxonomy":"category","embeddable":true,"href":"https:\/\/www.lesmaconsdelacreuse.fr\/annuaires\/wp-json\/wp\/v2\/categories?post=176101"},{"taxonomy":"post_tag","embeddable":true,"href":"https:\/\/www.lesmaconsdelacreuse.fr\/annuaires\/wp-json\/wp\/v2\/tags?post=176101"}],"curies":[{"name":"wp","href":"https:\/\/api.w.org\/{rel}","templated":true}]}}